{"id":721,"date":"2016-12-07T21:47:02","date_gmt":"2016-12-07T20:47:02","guid":{"rendered":"http:\/\/www.freude-am-wohnen.at\/gelly\/?p=721"},"modified":"2018-01-15T18:17:34","modified_gmt":"2018-01-15T17:17:34","slug":"slow-down-and-relax-mein-motto-fuer-das-wochenende","status":"publish","type":"post","link":"https:\/\/www.freude-am-wohnen.at\/gelly\/slow-down-and-relax-mein-motto-fuer-das-wochenende\/","title":{"rendered":"&#8222;Slow down and relax&#8220; &#8211; mein Motto f\u00fcr das Wochenende"},"content":{"rendered":"<p>Diesen Spruch hatte ich gestern auf der S\u00fcdautobahn gesehen &#8211; Werbung f\u00fcr eine burgenl\u00e4ndische oder steirische Therme und siehe da ich bin sofort runter vom Gas und war den Rest der Autofahrt auf einmal entspannter, weil ich diesen Satz nicht mehr aus meinem Kopf bekam. Ich fahre zwar nicht in eine Therme, doch dieses Motto finde ich total passend f\u00fcr die Adventzeit und diese Tage, wo die Zeit scheinbar t\u00e4glich schneller vergeht und es nicht mehr m\u00f6glich ist, den\u00a0Countdown bis Weihnachten oder bis zum Jahresende\u00a0zu ignorieren. <!--more--><\/p>\n<p>Als Gegenpol zu den immer schneller und lauter werdenden Autofahrern und\u00a0Fu\u00dfg\u00e4ngern, den hektischen Telefonaten,\u00a0den auf einen Termin vor Weihnachten dr\u00e4ngenden Anfragen und den t\u00e4glich mehr werdenden Lichtern &#8211; Ketten, Sterne und sonstigen Gebilde\u00a0auf unseren Stra\u00dfen, in den Gesch\u00e4ften und an unseren Fenstern, die uns meist die Sicht auf die echten Sterne und den derzeitigen Halbmond wie mit viel k\u00fcnstlichem Licht vernebeln und scheinbar keinen Moment Ruhe und Finsternis g\u00f6nnen, werde ich an diesem\u00a0Wochenende\u00a0Offline gehen. Weg vom Computer, raus in die Natur &#8211; das daf\u00fcr\u00a0passende Wetter ist quasi mein erstes Weihnachtsgeschenk vom Universum an mich und an euch. Ich kenne niemanden der an diesem (f\u00fcr viele verl\u00e4ngerte) Wochenende durcharbeiten muss &#8211; ach ja, vielleicht doch &#8211; die vielen Mitarbeiter, die jetzt in den Schi- und Langlaufgebieten ihren Dienst beginnen und vom Opening an in den n\u00e4chsten Monaten nur mehr wenig freie Tage haben werden.<\/p>\n<p>Im Vorfeld f\u00fcr diesen Beitrag habe ich viel dar\u00fcber nachgedacht, warum uns mittlerweile das weg von unseren Gewohnheiten so schwerf\u00e4llt. Das t\u00e4gliche Hetzen erinnert mich an ein Hamsterrad, wo man glaubt, der h\u00f6rt ja nie damit auf. Ich hatte nie einen Hamster, also wei\u00df ich nicht, was den Hamster dazu veranlasst, vom Rad wieder runterzusteigen. Doch ich glaube zu wissen\u00a0und h\u00f6re immer wieder davon, wie\u00a0schwer es uns f\u00e4llt, mal auch nur f\u00fcr einen Tag aus unserem Laufschritt auszusteigen. Und wenn, wollen wir meist davonlaufen. Diesen Ausspruch habe ich vor kurzem von 2 Personen geh\u00f6rt &#8211; und die kennen sich nicht einmal: Ich m\u00f6chte am Liebsten\u00a0davonlaufen! Doch wo sollen wir hinlaufen? In den Urlaub? Der ist ja\u00a0auch oft zu schnell wieder vorbei.<\/p>\n<p>Auch ich habe fr\u00fcher das Gute immer in der Ferne gesehen. Immer wollte ich fort und habe geglaubt, dann geht es mir mit diesem Ortswechsel sofort wieder besser. Leider war das aber nie so, denn entweder wurde ich im Urlaub krank, oder es ist im Vorfeld schon etwas passiert, dass der Urlaub gar nicht m\u00f6glich war oder ich war dort so verspannt, dass ich die Auszeit gar nicht genie\u00dfen konnte. Also warum nicht zumindest einen Tag oder ein paar Stunden pro Woche zuhause vom Hamsterrad runtersteigen? Da halte ich mich ganz an das Motto meiner Kollegin Jana f\u00fcr dieses Wochenende: Einfach schauen, was da kommt, nichts planen, sondern die Dinge einfach auf sich zukommen lassen.<\/p>\n<p>Wieso brauchen wir dazu immer ein langes Wochenende oder Urlaub? Sind wir schon so ferngesteuert, dass es uns nur gelingt, langsamer zu werden, wenn wir dazu gezwungen werden? Das erinnert mich wieder an den autofreien Tag, der vor einigen Jahrzehnten wegen Treibstoffknappheit oder wegen Umweltproblemen seitens der Regierung verordnet wurde. Jeder hat geschimpft und man konnte sich nicht vorstellen, einen Tag, nicht mit dem Auto zu fahren. Doch siehe da, irgendwie war es m\u00f6glich. Man ging zu Fu\u00df oder fuhr \u00f6ffentlich oder bildete Fahrgemeinschaften.<\/p>\n<p>Die vielbesprochene &#8222;\u00dcberforderung&#8220; in unserer Gesellschaft erinnert mich an diesen verordneten autofreien Tag. Wieso schaffen wir es nicht, einen Tag pro Woche &#8211; ohne Pl\u00e4ne zu verbringen oder das Tempo zu reduzieren? Viele von uns laufen einfach weiter, bis sie umfallen. Manche landen im Burn out, bei anderen werden die Vorstufen \u00fcbersprungen und die gehen dann gleich fr\u00fchzeitig von dieser Welt. Wieso f\u00e4llt uns die Vorsorge oder der eine Tag oder nur die Entschleunigung so schwer? M\u00fcssen wir alles verordnet bekommen, weil es uns nur dann\u00a0gelingt, die Anordnung zu befolgen? Was h\u00e4lt uns davon ab,\u00a0f\u00fcr uns selbst zu sorgen?<\/p>\n<p>z.B. ein Pyjamatag pro Woche, einen Tag nichts rauchen, einen Tag nicht auf Facebook und Co schauen, einen Tag nicht das Handy abheben (das gelingt uns anscheinend am leichtesten), einen Tag keine E-Mails anschauen (nicht beantworten haben sich manche bereits zur Gewohnheit gemacht), einen Tag kein Computerspiel spielen, einen Tag nur Gem\u00fcse und Obst essen, einen Tag (ich meine einen ganzen!!! und nicht nur kurz auf einen Kaffee vorbeikommen) mit Familie und Freunden zu verbringen, einen Tag danke und bitte zu sagen, einen Tag Komplimente machen, usw. usw. usw.<\/p>\n<p>Viele von uns w\u00fcnschen sich diesen einen Tag &#8211; was h\u00e4lt uns davon ab, uns selbst diesen Tag zu verordnen? Wir schreiben dann unsere eigenen Gesetze, die mit Sicherheit zum besserem Wohlbefinden f\u00fchren und sind dann selbst vielleicht zufriedener und entspannter im Umgang mit unseren Mitmenschen. Vielleicht brauchen wir dann keinen &#8222;Aufpasser&#8220; mehr!<\/p>\n<p>Heute Morgen, als ich ins Auto stieg, habe ich dieses Bild am Boden gesehen:<\/p>\n<p><img loading=\"lazy\" class=\"alignnone size-medium wp-image-723\" src=\"https:\/\/www.freude-am-wohnen.at\/gelly\/wp-content\/uploads\/2016\/12\/2016-12-07-09.36.36-300x225.jpg\" alt=\"2016-12-07-09-36-36\" width=\"300\" height=\"225\" srcset=\"https:\/\/www.freude-am-wohnen.at\/gelly\/wp-content\/uploads\/2016\/12\/2016-12-07-09.36.36-300x225.jpg 300w, https:\/\/www.freude-am-wohnen.at\/gelly\/wp-content\/uploads\/2016\/12\/2016-12-07-09.36.36-768x576.jpg 768w, https:\/\/www.freude-am-wohnen.at\/gelly\/wp-content\/uploads\/2016\/12\/2016-12-07-09.36.36-1024x768.jpg 1024w\" sizes=\"(max-width: 300px) 100vw, 300px\" \/><\/p>\n<p>Eigentlich k\u00f6nnte ich ein R\u00e4tsel draus machen. Sind das Eingeweide, versteinerte irgendwas? Ich kann aber leider manche Dinge, au\u00dfer ganz pers\u00f6nliche mit quasi &#8222;Schweigepflicht&#8220;, nicht lange f\u00fcr mich behalten. Also verrate ich es gleich: Das ist die Eisschicht auf einer kleinen Lacke, die sich aufgrund des unebenen Bodens in der Nacht gebildet hatte und\u00a0dieses\u00a0tolle Gebilde zeigt. Weil so sch\u00f6n war, bin ich dr\u00fcbergestiegen und hab\u00b4s nicht niedergetrampelt und\u00a0zerst\u00f6rt. Direkt vor meiner Haust\u00fcr\u00a0sah ich\u00a0in dieser Formation mit ein wenig Phantasie eine Schnecke, die wieder zum Motto: Slow down und Relax f\u00fchrt. Mal gespannt, welches Zeichen ich morgen finde, damit ich ja nicht auf mein Wochenende f\u00fcr Entschleunigung vergesse &#8211; &#8222;Slow down and relax&#8220; &#8211; zumindest einen Tag pro Woche.<\/p>\n<p>Ich w\u00fcnsche euch einen sch\u00f6nen Feiertag, besonders den Angestellten von BILLA und SPAR und manchen anderen Firmen, die ihren Mitarbeitern genau diesen morgigen Feiertag g\u00f6nnen.<\/p>\n<p>Interessante Momente im Schneckentempo, im Offline Modus, im &#8230;&#8230;&#8230;., was auch immer f\u00fcr euch gut ist, w\u00fcnscht euch<\/p>\n<p>Gelly<\/p>\n<p>Gellysblog<\/p>\n<p>P.S.: Die Pausen\u00a0haben unsere Vierbeiner\u00a0viel \u00f6fter als wir in ihrem Terminkalender eingeplant &#8211; Schlafen, Kuscheln und Rasten erlauben sie sich zu jeder Tageszeit. Unser Familienhund Funny schafft es sogar manchmal mit offenen Augen zu Schnarchen &#8211; und wie!<\/p>\n<p><img loading=\"lazy\" class=\"alignnone size-medium wp-image-729\" src=\"https:\/\/www.freude-am-wohnen.at\/gelly\/wp-content\/uploads\/2016\/12\/2016-12-06-20.31.50-300x225.jpg\" alt=\"2016-12-06-20-31-50\" width=\"300\" height=\"225\" srcset=\"https:\/\/www.freude-am-wohnen.at\/gelly\/wp-content\/uploads\/2016\/12\/2016-12-06-20.31.50-300x225.jpg 300w, https:\/\/www.freude-am-wohnen.at\/gelly\/wp-content\/uploads\/2016\/12\/2016-12-06-20.31.50-768x576.jpg 768w, https:\/\/www.freude-am-wohnen.at\/gelly\/wp-content\/uploads\/2016\/12\/2016-12-06-20.31.50-1024x768.jpg 1024w\" sizes=\"(max-width: 300px) 100vw, 300px\" \/> <img loading=\"lazy\" class=\"alignnone size-medium wp-image-730\" src=\"https:\/\/www.freude-am-wohnen.at\/gelly\/wp-content\/uploads\/2016\/12\/2016-12-07-08.27.49-300x225.jpg\" alt=\"2016-12-07-08-27-49\" width=\"300\" height=\"225\" srcset=\"https:\/\/www.freude-am-wohnen.at\/gelly\/wp-content\/uploads\/2016\/12\/2016-12-07-08.27.49-300x225.jpg 300w, https:\/\/www.freude-am-wohnen.at\/gelly\/wp-content\/uploads\/2016\/12\/2016-12-07-08.27.49-768x576.jpg 768w, https:\/\/www.freude-am-wohnen.at\/gelly\/wp-content\/uploads\/2016\/12\/2016-12-07-08.27.49-1024x768.jpg 1024w\" sizes=\"(max-width: 300px) 100vw, 300px\" \/> <img loading=\"lazy\" class=\"alignnone size-medium wp-image-731\" src=\"https:\/\/www.freude-am-wohnen.at\/gelly\/wp-content\/uploads\/2016\/12\/2016-12-06-20.20.00-300x225.jpg\" alt=\"2016-12-06-20-20-00\" width=\"300\" height=\"225\" srcset=\"https:\/\/www.freude-am-wohnen.at\/gelly\/wp-content\/uploads\/2016\/12\/2016-12-06-20.20.00-300x225.jpg 300w, https:\/\/www.freude-am-wohnen.at\/gelly\/wp-content\/uploads\/2016\/12\/2016-12-06-20.20.00-768x576.jpg 768w, https:\/\/www.freude-am-wohnen.at\/gelly\/wp-content\/uploads\/2016\/12\/2016-12-06-20.20.00-1024x768.jpg 1024w\" sizes=\"(max-width: 300px) 100vw, 300px\" \/><\/p>\n<div class=\"shariff shariff-align-flex-start shariff-widget-align-flex-start\"><ul class=\"shariff-buttons theme-default orientation-horizontal buttonsize-small\"><li class=\"shariff-button facebook shariff-nocustomcolor\" style=\"background-color:#4273c8\"><a href=\"https:\/\/www.facebook.com\/sharer\/sharer.php?u=https%3A%2F%2Fwww.freude-am-wohnen.at%2Fgelly%2Fslow-down-and-relax-mein-motto-fuer-das-wochenende%2F\" title=\"Bei Facebook teilen\" aria-label=\"Bei Facebook teilen\" role=\"button\" rel=\"nofollow\" class=\"shariff-link\" style=\"; background-color:#3b5998; color:#fff\" target=\"_blank\"><span class=\"shariff-icon\" style=\"\"><svg width=\"32px\" height=\"20px\" xmlns=\"http:\/\/www.w3.org\/2000\/svg\" viewBox=\"0 0 18 32\"><path fill=\"#3b5998\" d=\"M17.1 0.2v4.7h-2.8q-1.5 0-2.1 0.6t-0.5 1.9v3.4h5.2l-0.7 5.3h-4.5v13.6h-5.5v-13.6h-4.5v-5.3h4.5v-3.9q0-3.3 1.9-5.2t5-1.8q2.6 0 4.1 0.2z\"\/><\/svg><\/span><span class=\"shariff-text\">teilen<\/span>&nbsp;<\/a><\/li><\/ul><\/div>","protected":false},"excerpt":{"rendered":"<p>Diesen Spruch hatte ich gestern auf der S\u00fcdautobahn gesehen &#8211; Werbung f\u00fcr eine burgenl\u00e4ndische oder steirische Therme und siehe da ich bin sofort runter vom Gas und war den Rest der Autofahrt auf einmal entspannter, weil ich diesen Satz nicht &hellip; <a href=\"https:\/\/www.freude-am-wohnen.at\/gelly\/slow-down-and-relax-mein-motto-fuer-das-wochenende\/\">Weiterlesen <span class=\"meta-nav\">&rarr;<\/span><\/a><\/p>\n","protected":false},"author":2,"featured_media":723,"comment_status":"open","ping_status":"open","sticky":false,"template":"","format":"standard","meta":{"_mi_skip_tracking":false},"categories":[4],"tags":[],"amp_enabled":true,"_links":{"self":[{"href":"https:\/\/www.freude-am-wohnen.at\/gelly\/wp-json\/wp\/v2\/posts\/721"}],"collection":[{"href":"https:\/\/www.freude-am-wohnen.at\/gelly\/wp-json\/wp\/v2\/posts"}],"about":[{"href":"https:\/\/www.freude-am-wohnen.at\/gelly\/wp-json\/wp\/v2\/types\/post"}],"author":[{"embeddable":true,"href":"https:\/\/www.freude-am-wohnen.at\/gelly\/wp-json\/wp\/v2\/users\/2"}],"replies":[{"embeddable":true,"href":"https:\/\/www.freude-am-wohnen.at\/gelly\/wp-json\/wp\/v2\/comments?post=721"}],"version-history":[{"count":7,"href":"https:\/\/www.freude-am-wohnen.at\/gelly\/wp-json\/wp\/v2\/posts\/721\/revisions"}],"predecessor-version":[{"id":733,"href":"https:\/\/www.freude-am-wohnen.at\/gelly\/wp-json\/wp\/v2\/posts\/721\/revisions\/733"}],"wp:featuredmedia":[{"embeddable":true,"href":"https:\/\/www.freude-am-wohnen.at\/gelly\/wp-json\/wp\/v2\/media\/723"}],"wp:attachment":[{"href":"https:\/\/www.freude-am-wohnen.at\/gelly\/wp-json\/wp\/v2\/media?parent=721"}],"wp:term":[{"taxonomy":"category","embeddable":true,"href":"https:\/\/www.freude-am-wohnen.at\/gelly\/wp-json\/wp\/v2\/categories?post=721"},{"taxonomy":"post_tag","embeddable":true,"href":"https:\/\/www.freude-am-wohnen.at\/gelly\/wp-json\/wp\/v2\/tags?post=721"}],"curies":[{"name":"wp","href":"https:\/\/api.w.org\/{rel}","templated":true}]}}