{"id":5452,"date":"2018-10-27T17:52:28","date_gmt":"2018-10-27T15:52:28","guid":{"rendered":"https:\/\/www.freude-am-wohnen.at\/gelly\/?p=5452"},"modified":"2018-11-04T12:12:40","modified_gmt":"2018-11-04T11:12:40","slug":"gelly-wer-bin-ich","status":"publish","type":"post","link":"https:\/\/www.freude-am-wohnen.at\/gelly\/gelly-wer-bin-ich\/","title":{"rendered":"Gelly &#8211; Wer bin ich?"},"content":{"rendered":"<p>Angelika \u201eGelly\u201c Burger, Jahrgang 1967, Biomedizinische Analytikerin, ehemalige Hilfsskilehrerin in Tirol und Australien, Diplomierte Lebens- und Sozialberaterin, Erfahrung als Jobcoach;\u00a0t\u00e4tig als Produktmanagerin und im Vertrieb von medizinischen Analyseger\u00e4ten sowie als Bloggerin; Neo-Autorin.<\/p>\n<p><!--more--><\/p>\n<p>Geboren im s\u00fcdlichen Nieder\u00f6sterreich, lebt seit Jahrzehnten in Wien, verbringt die Wochenenden gerne in ihrer Geburtsregion oder bei ihrem Sommermobilheim am Neusiedlersee. In ihrer 50er Phase hat sie drei neue Leidenschaften entdeckt und zur Berufung gemacht: Schreiben, Fotografieren und Bewegung.<\/p>\n<p>Kontaktm\u00f6glichkeiten per E-Mail:\u00a0angelika.burger@gmx.at<\/p>\n<p>oder \u00fcber Kommentare auf www.gellysblog.eu oder<\/p>\n<p>auf\u00a0Facebook: <a href=\"https:\/\/www.facebook.com\/profile.php?id=100014148308392\">https:\/\/www.facebook.com\/profile.php?id=100014148308392<\/a><\/p>\n<p>&nbsp;<\/p>\n<p>Aktivit\u00e4ten abseits vom Hauptberuf (32 h\/Woche, Mo-Do):<\/p>\n<p><strong>Autorin: Das Buch: &#8222;50 &#8211; Endlich nicht mehr jung!&#8220;<\/strong><\/p>\n<ul>\n<li>Erschienen im Oktober 2018 in Kooperation mit myMorawa im Selfpublishing, E-Book Ver\u00f6ffentlichung im November 2018<\/li>\n<li>erh\u00e4ltlich \u00fcber: <a href=\"https:\/\/www.mymorawa.com\/self-publishing\/gestaltung\/publizieren\/?books\/ID53137\/50----Endlich-nicht-mehr-jung\">https:\/\/www.mymorawa.com\/self-publishing\/gestaltung\/publizieren\/?books\/ID53137\/50&#8212;-Endlich-nicht-mehr-jung<\/a><\/li>\n<li>als Softcover zum Preis ab 16,50 Euro inkl. MwSt., exkl. Versandkosten<\/li>\n<li>als Hardcover zum Preis ab 24,50 Euro inkl. MwSt. exkl. Versandkosten<\/li>\n<li>ab November 2018: als E-Book zum Preis ab 12,50 Euro inkl.\u00a0MwSt.<\/li>\n<li>ebenso\u00a0bestellbar und erh\u00e4ltlich auf den g\u00e4ngigen Internetplattformen<\/li>\n<li>Listung im Buchhandel: auf jeden Fall bestellbar\u00a0oder sogar im Buchgesch\u00e4ft zu finden\u00a0(zumindest bei Morawa)<\/li>\n<li>Kontakt f\u00fcr Buchanliegen: buch@christinalechner.at<\/li>\n<\/ul>\n<p>&nbsp;<\/p>\n<p><strong>Bloggerin:<\/strong> seit Mai 2016 auf www.gellysblog.eu &#8211; Blogbeitr\u00e4ge (ca. 1 x pro Woche) \u00fcber die Themen: Das Buch, Bewegung, Ern\u00e4hrung, Society Check oder Taschen. Weitere Inhalte:<\/p>\n<ul>\n<li>Naturfotos, Kooperationsberichte, Selbsterfahrungsversuche und -berichte<\/li>\n<li>Motivation zu regionaler Ern\u00e4hrung und Bewegung im Alltag<\/li>\n<li>Soziale Anliegen,\u00a0Umweltgedanken und -ideen<\/li>\n<li>Wander- und Ausflugstipps aus dem\u00a0Wiener Umland<\/li>\n<li>Urlaubsberichte &#8211; aktives Erleben<\/li>\n<li>Themen, die ich und mehrere Personen um mich herum gerade beobachten und viele\u00a0bewegen &#8211; wor\u00fcber man spricht und diskutiert, &#8230;<\/li>\n<\/ul>\n<p>&nbsp;<\/p>\n<p><strong>Bestellm\u00f6glichkeit f\u00fcr Wechsel-Laschen auf Taschen &#8211; in Kooperation mit Geckobag<\/strong><\/p>\n<ul>\n<li>Modelle, Motive und Preise unter Taschen- und Laschenbestellung im Header<\/li>\n<\/ul>\n<p>&nbsp;<\/p>\n<p>Gerne h\u00f6re\u00a0ich mir weitere Vorschl\u00e4ge oder Kooperationsm\u00f6glichkeiten f\u00fcr zuk\u00fcnftige Beitr\u00e4ge oder Projekte an, die ich zeitlich unterbringen und\u00a0ethisch vertreten kann und die zu meiner Grundeinstellung passen. Ich beschreibe und bewerbe grunds\u00e4tzlich keine Personen, die ich nicht pers\u00f6nlich kenne,\u00a0oder Produkte, die ich nicht selbst ausprobiert habe und von denen ich &#8211; zumindest zu diesem Zeitpunkt &#8211; hundertprozentig \u00fcberzeugt bin.<\/p>\n<p>Und ja, ich freue mich wie am ersten Tag meines Blogstarts noch immer \u00fcber jeden Klick, jeden Leser, jeden Kommentar\u00a0und \u00fcber jede Weiterempfehlung. Besten Dank daf\u00fcr! Du\/Sie\/Ihr meine Leser seid die Nahrung meines Blogs und\u00a0sorgt daf\u00fcr, dass ich nach wie vor leidenschaftlich und mit gro\u00dfer Freude bem\u00fcht bin, euch w\u00f6chentlich nicht nur mit Worten\u00a0zum Nachdenken anzuregen, sondern euch vielleicht sogar\u00a0mit ein paar Statements ein Schmunzeln\u00a0schenken oder\u00a0ein paar Bilder zum Tr\u00e4umen und L\u00e4cheln\u00a0liefern darf.<\/p>\n<p>&nbsp;<\/p>\n<p><strong>Geplante zus\u00e4tzliche zuk\u00fcnftige Projekte:<\/strong><\/p>\n<p><strong>Weitere humorvolle Geschenkb\u00fccher f\u00fcr 55-80j\u00e4hrige\u00a0<\/strong>mit altersspezifischen Themen gemeinsam mit meiner Co-Autorin Christina Lechner und in Kooperation mit einem Verlag zu schreiben und\u00a0meinen\u00a0Lesern anzubieten.<\/p>\n<p><strong>Ausbildung zur Nordic Walking Instruktorin<\/strong> &#8211; Einzelstunden in meinen Wohnumgebungen Wien, N\u00d6 und Bgld,\u00a0spannende halb- bis ganzt\u00e4gige Gruppenwanderungen in diesen Regionen planen und anbieten.\u00a0In Kooperation mit Hotels oder Tourismusverb\u00e4nden: Nordic Walking Wochenenden in besonders geeigneten und sch\u00f6nen Gegenden organisieren und anbieten.<\/p>\n<p>&nbsp;<\/p>\n<p>Ideen f\u00fcr gesch\u00e4ftliche Kooperationen, Verbesserungsvorschl\u00e4ge oder\u00a0Fragen? Dann bitte nicht z\u00f6gern, mit mir Kontakt aufzunehmen &#8211; der Versuch kostet nichts.<\/p>\n<p>&nbsp;<\/p>\n<p>Danke f\u00fcr dein\/ihr Interesse und wahrscheinlich noch unbekannterweise liebe Gr\u00fc\u00dfe von<\/p>\n<p>Angelika Burger<\/p>\n<p>&#8222;Gelly Gellysblog&#8220;<\/p>\n<p>&nbsp;<\/p>\n<div class=\"shariff shariff-align-flex-start shariff-widget-align-flex-start\"><ul class=\"shariff-buttons theme-default orientation-horizontal buttonsize-small\"><li class=\"shariff-button facebook shariff-nocustomcolor\" style=\"background-color:#4273c8\"><a href=\"https:\/\/www.facebook.com\/sharer\/sharer.php?u=https%3A%2F%2Fwww.freude-am-wohnen.at%2Fgelly%2Fgelly-wer-bin-ich%2F\" title=\"Bei Facebook teilen\" aria-label=\"Bei Facebook teilen\" role=\"button\" rel=\"nofollow\" class=\"shariff-link\" style=\"; background-color:#3b5998; color:#fff\" target=\"_blank\"><span class=\"shariff-icon\" style=\"\"><svg width=\"32px\" height=\"20px\" xmlns=\"http:\/\/www.w3.org\/2000\/svg\" viewBox=\"0 0 18 32\"><path fill=\"#3b5998\" d=\"M17.1 0.2v4.7h-2.8q-1.5 0-2.1 0.6t-0.5 1.9v3.4h5.2l-0.7 5.3h-4.5v13.6h-5.5v-13.6h-4.5v-5.3h4.5v-3.9q0-3.3 1.9-5.2t5-1.8q2.6 0 4.1 0.2z\"\/><\/svg><\/span><span class=\"shariff-text\">teilen<\/span>&nbsp;<\/a><\/li><\/ul><\/div>","protected":false},"excerpt":{"rendered":"<p>Angelika \u201eGelly\u201c Burger, Jahrgang 1967, Biomedizinische Analytikerin, ehemalige Hilfsskilehrerin in Tirol und Australien, Diplomierte Lebens- und Sozialberaterin, Erfahrung als Jobcoach;\u00a0t\u00e4tig als Produktmanagerin und im Vertrieb von medizinischen Analyseger\u00e4ten sowie als Bloggerin; Neo-Autorin.<\/p>\n","protected":false},"author":2,"featured_media":5429,"comment_status":"open","ping_status":"open","sticky":false,"template":"","format":"standard","meta":{"_mi_skip_tracking":false},"categories":[7],"tags":[],"amp_enabled":true,"_links":{"self":[{"href":"https:\/\/www.freude-am-wohnen.at\/gelly\/wp-json\/wp\/v2\/posts\/5452"}],"collection":[{"href":"https:\/\/www.freude-am-wohnen.at\/gelly\/wp-json\/wp\/v2\/posts"}],"about":[{"href":"https:\/\/www.freude-am-wohnen.at\/gelly\/wp-json\/wp\/v2\/types\/post"}],"author":[{"embeddable":true,"href":"https:\/\/www.freude-am-wohnen.at\/gelly\/wp-json\/wp\/v2\/users\/2"}],"replies":[{"embeddable":true,"href":"https:\/\/www.freude-am-wohnen.at\/gelly\/wp-json\/wp\/v2\/comments?post=5452"}],"version-history":[{"count":12,"href":"https:\/\/www.freude-am-wohnen.at\/gelly\/wp-json\/wp\/v2\/posts\/5452\/revisions"}],"predecessor-version":[{"id":5485,"href":"https:\/\/www.freude-am-wohnen.at\/gelly\/wp-json\/wp\/v2\/posts\/5452\/revisions\/5485"}],"wp:featuredmedia":[{"embeddable":true,"href":"https:\/\/www.freude-am-wohnen.at\/gelly\/wp-json\/wp\/v2\/media\/5429"}],"wp:attachment":[{"href":"https:\/\/www.freude-am-wohnen.at\/gelly\/wp-json\/wp\/v2\/media?parent=5452"}],"wp:term":[{"taxonomy":"category","embeddable":true,"href":"https:\/\/www.freude-am-wohnen.at\/gelly\/wp-json\/wp\/v2\/categories?post=5452"},{"taxonomy":"post_tag","embeddable":true,"href":"https:\/\/www.freude-am-wohnen.at\/gelly\/wp-json\/wp\/v2\/tags?post=5452"}],"curies":[{"name":"wp","href":"https:\/\/api.w.org\/{rel}","templated":true}]}}