{"id":4729,"date":"2018-05-14T20:12:58","date_gmt":"2018-05-14T18:12:58","guid":{"rendered":"http:\/\/www.freude-am-wohnen.at\/gelly\/?p=4729"},"modified":"2018-05-14T20:49:16","modified_gmt":"2018-05-14T18:49:16","slug":"ohne-rauch-gehts-auch","status":"publish","type":"post","link":"https:\/\/www.freude-am-wohnen.at\/gelly\/ohne-rauch-gehts-auch\/","title":{"rendered":"Ohne Rauch geht\u00b4s auch?"},"content":{"rendered":"<p>Einer der Gr\u00fcnde, warum ich in der letzten Woche keinen neuen Beitrag gepostet habe, ist, dass ich mich gerade mit dem Thema: <strong>&#8222;Geht es ohne Rauchen auch?&#8220;<\/strong> besch\u00e4ftige und meine Gedanken anscheinend andauernd um dieses Loslassen gekreist sind, sodass\u00a0keine kreative Idee f\u00fcr ein anderes spannendes Blog-Thema aufkam.<!--more--><\/p>\n<p>Es ist\u00a0unglaublich, wie einem diese Unart oder Gewohnheit in Trab h\u00e4lt bzw. wie viel Zeit durch Rauchen oder dar\u00fcber zu hadern, ob man jetzt eine Zigarette\u00a0rauchen soll oder nicht, den ganzen Tag, den Abend oder sogar die Nacht besch\u00e4ftigt. <strong>Wie kann Loslassen und Abschied nehmen von etwas<\/strong>, <strong>was <\/strong>man eigentlich gar nicht braucht und <strong>f\u00fcr gar nichts gut ist<\/strong> &#8211; objektiv gesehen &#8211;<strong> so schwer sein?<\/strong><\/p>\n<p>Zuerst habe ich mein Vorhaben einmal formuliert und die ersten Schritte begonnen. Schon Ende M\u00e4rz habe ich die <strong>Anzahl meiner t\u00e4glichen Zigaretten abgez\u00e4hlt<\/strong> und wollte nur 16, dann drei Tage lang &#8222;nur&#8220; 15, dann drei Tage lang 14 &#8222;Glimmst\u00e4ngel&#8220; paffen. Ja, paffen, denn das war in den letzten Jahrzehnten die Art, wie ich geraucht habe. Manche Meckerer meinten eh\u00b4 schon immer, dass <strong>das Paffen ja noch unn\u00f6tiger<\/strong> ist. Die Z\u00e4hlung war so durchgeplant, dass ich eigentlich am 6. Mai 2018 die letzte Zigarette meines Lebens geraucht haben sollte. Leider hat die<strong> Ann\u00e4herung mit der absteigenden Zahl gar nicht geklappt<\/strong>, daher konnte ich euch auch bis jetzt kein &#8222;Erfolgserlebnis&#8220; berichten.<\/p>\n<p>Am Anfang meiner Raucherkarriere habe ich mich selbst beruhigt und meinte, wenn ich eh\u00b4 nur paffe, dann kann ich wenigstens keinen Lungenkrebs\u00a0bekommen, worauf mich eine Freundin\u00a0belehrte und meinte, dann kriegst du halt Zungengrundkrebs und das ist ich nicht besser. O.k., ab dieser Erkenntnis habe ich mich dann <strong>mit der Endlichkeit meines Raucherdaseins besch\u00e4ftigt<\/strong>.\u00a0Manches Aufh\u00f6ren versucht, doch leider bin ich aus Gewohnheit oder doch aufgrund eines Suchtverhaltens immer wieder auf den Geschmack gekommen. Wobei Geschmack\u00a0schon ein wenig gesch\u00f6nt ist, denn mittlerweile verstehe\u00a0auch ich unter gut\u00a0schmecken und riechen etwas anderes als den grauen Dunst.<\/p>\n<p>Seit 7. Mai haben wir &#8211; d.h.\u00a0Maskulino und ich &#8211; <strong>uns professionelle Hilfe f\u00fcr unser Vorhaben dazu geholt und drei Termine vereinbart<\/strong>, wobei heute Abend unser letzte Sitzung stattfindet. <strong>Maskulino ist seit Mittwoch voriger Woche rauchfrei<\/strong>, er hat seine\u00a0letzten Zigaretten\u00a0einfach auf einer Parkbank abgelegt und liegen gelassen. <strong>Respekt<\/strong>, er\u00a0hat die ersten Tage ohne grauen Dunst schon geschafft.<\/p>\n<p>Er ist zwar ziemlich hyperaktiv und besch\u00e4ftigt sich die ganze Zeit mit irgendetwas, am liebsten mit seinen Wasserspielzeugen, sodass ich ihn selten zu Gesicht bekomme. So wie ich ist er<strong> in den Ruhephasen eher\u00a0gedankenverloren<\/strong>,\u00a0starrt in die Luft und ist an keiner Kommunikation interessiert, zumindest nicht mit\u00a0mir. Und wenn wir uns doch unterhalten, dann herrscht teilweise gespannte Stimmung. Anscheinend ist doch <strong>jeder von uns ein wenig grantig<\/strong> &#8211; und wenn sich dann zwei &#8222;Unrunde&#8220; treffen, kann das schon ein wenig eskalieren. Doch ich bin mir sicher, auch das geht bald vorbei. Unsere Nachbarn Gudrun und Martin, mit denen er sich gerne unterh\u00e4lt, haben, um ihn zu unterst\u00fctzen, derzeit das &#8222;R-Wort&#8220; aus ihrem Wortschatz gestrichen. So kann man die Abstinenz besser verdr\u00e4ngen, das hilft schon ein wenig.<\/p>\n<p>Ich selbst tue mir ein wenig schwerer\u00a0mit Abschied. Diese Gewohnheit, von der ich immer gesagt hatte: <strong>&#8222;Mein einziges Laster&#8220;<\/strong> &#8211; und ein\u00a0Laster darf man haben, hat mich ja schon ca. 30 Jahre begleitet.\u00a0Und da ich mit Abschieden nicht besonders gut bin, sind in den letzten Tagen auch so manche\u00a0Tr\u00e4nen geflossen.\u00a0F\u00fcr mich ist <strong>Abschied eher eine Zeremonie<\/strong>,\u00a0daher versuche ich mich\u00a0schon seit einer Woche darauf vorzubereiten, dass heute Abend, meine letzte geraucht wird.<\/p>\n<p>In der Zwischenzeit <strong>konnte ich mit der Reduktion gut leben<\/strong>. Um Maskulino nicht zu verf\u00fchren, habe ich ein paar Zigaretten, meist nur halbe oder\u00a0nur ein paar Z\u00fcge davon, <strong>heimlich geraucht<\/strong>, sodass er nichts davon mitbekommen sollte.\u00a0Dieses\u00a0Verstecken oder Ausreden f\u00fcr ein Rauchversteck zu suchen, hat so manche Nachbarn an ihre Schulzeit erinnert. Ich brauchte das bis jetzt nie, dann als ich mit 21 zu rauchen begann, war ich nach der Alterszahl zu urteilen schon erwachsen und musste mich nicht mehr verstecken.<\/p>\n<p>Diese heimlichen Zigaretten sind aber ziemlich stressig &#8211; man verkriecht sich in ein Eck oder tr\u00e4gt\u00a0den &#8222;Glimmst\u00e4ngel&#8220; scheinbar unsichtbar herum und wagt nur kurz ihn zum Mund zu f\u00fchren, damit man dabei nicht gesichtet wird. Das ist auf jeden Fall <strong>kein Dauerzustand f\u00fcr mich<\/strong> und vor allem, seit mich Maskulino bei einer &#8222;Raucherrunde&#8220; entdeckt hat und nat\u00fcrlich nicht erfreut \u00fcber meine &#8222;Inkonsequenz&#8220; war, macht <strong>heimlich rauchen<\/strong> gar <strong>keine Freude mehr<\/strong>.<\/p>\n<p>Allerdings ist es mir so schon <strong>ein wenig gelungen, meinem Ziel Null Zigaretten n\u00e4her zu kommen<\/strong>. Die letzten zwei Tage habe ich z.B. nur mehr <strong>3 Zigaretten \u00fcber den Tag verteilt<\/strong> geraucht. Und auch diese 3 waren <strong>nur Gewohnheit und haben \u00fcberhaupt nicht (mehr) geschmeckt<\/strong>. Welchen Grund habe ich dann noch, mich nicht davon zu verabschieden? Ich sp\u00fcre keinen Leidensdruck, ich habe noch keine merkbaren Gesundheitseinschr\u00e4nkungen. Doch es gibt keinen plausiblen Grund, warum ich diese Unart noch weiter mit mir tragen sollte.<\/p>\n<p>Also heute Abend ist meine 3. Sitzung und ich versuche nicht mehr r\u00fcckf\u00e4llig zu werden &#8211; <strong>Wenn es klappt, dann verrate ich euch gerne in ein paar Wochen, wie mir das &#8222;Endlich Nichtraucher&#8220; sein gelungen ist.<\/strong><\/p>\n<p><img loading=\"lazy\" class=\"alignnone size-medium wp-image-4735\" src=\"https:\/\/www.freude-am-wohnen.at\/gelly\/wp-content\/uploads\/2018\/05\/2018-05-14-14.40.39-300x225.jpg\" alt=\"\" width=\"300\" height=\"225\" srcset=\"https:\/\/www.freude-am-wohnen.at\/gelly\/wp-content\/uploads\/2018\/05\/2018-05-14-14.40.39-300x225.jpg 300w, https:\/\/www.freude-am-wohnen.at\/gelly\/wp-content\/uploads\/2018\/05\/2018-05-14-14.40.39-768x576.jpg 768w, https:\/\/www.freude-am-wohnen.at\/gelly\/wp-content\/uploads\/2018\/05\/2018-05-14-14.40.39-1024x768.jpg 1024w\" sizes=\"(max-width: 300px) 100vw, 300px\" \/> <img loading=\"lazy\" class=\"alignnone size-medium wp-image-4736\" src=\"https:\/\/www.freude-am-wohnen.at\/gelly\/wp-content\/uploads\/2018\/05\/2018-05-14-14.40.52-300x225.jpg\" alt=\"\" width=\"300\" height=\"225\" srcset=\"https:\/\/www.freude-am-wohnen.at\/gelly\/wp-content\/uploads\/2018\/05\/2018-05-14-14.40.52-300x225.jpg 300w, https:\/\/www.freude-am-wohnen.at\/gelly\/wp-content\/uploads\/2018\/05\/2018-05-14-14.40.52-768x576.jpg 768w, https:\/\/www.freude-am-wohnen.at\/gelly\/wp-content\/uploads\/2018\/05\/2018-05-14-14.40.52-1024x768.jpg 1024w\" sizes=\"(max-width: 300px) 100vw, 300px\" \/>\u00a0 <img loading=\"lazy\" class=\"alignnone size-medium wp-image-4738\" src=\"https:\/\/www.freude-am-wohnen.at\/gelly\/wp-content\/uploads\/2018\/05\/2018-05-14-14.41.33-1-300x225.jpg\" alt=\"\" width=\"300\" height=\"225\" srcset=\"https:\/\/www.freude-am-wohnen.at\/gelly\/wp-content\/uploads\/2018\/05\/2018-05-14-14.41.33-1-300x225.jpg 300w, https:\/\/www.freude-am-wohnen.at\/gelly\/wp-content\/uploads\/2018\/05\/2018-05-14-14.41.33-1-768x576.jpg 768w, https:\/\/www.freude-am-wohnen.at\/gelly\/wp-content\/uploads\/2018\/05\/2018-05-14-14.41.33-1-1024x768.jpg 1024w\" sizes=\"(max-width: 300px) 100vw, 300px\" \/><\/p>\n<p>&nbsp;<\/p>\n<p>Zum Abschluss schreibe ich\u00a0noch<strong> die\u00a0Punkte<\/strong> auf, die f\u00fcr\u00a0mich objektiv gesehen das <strong>Rauchen wirklich sinnlos machen<\/strong>. Gerne k\u00f6nnt ihr diese\u00a0erg\u00e4nzen oder von euren Erfahrungen berichten.<\/p>\n<ul>\n<li>teuer<\/li>\n<li>l\u00e4stige Trafiksuche w\u00e4hrend der \u00d6ffnungszeiten<\/li>\n<li>Feuerzeugsuche in den Tiefen der Handtasche<\/li>\n<li>riecht f\u00fcr mich und f\u00fcr andere nicht angenehm<\/li>\n<li>im Lokal meist nicht mehr m\u00f6glich, man wird auf die Stra\u00dfe verbannt<\/li>\n<li>immer \u00f6fter wird man von\u00a0Blicken getroffen, die zu sagen scheinen: ihh, die raucht noch immer &#8211; man kommt sich fast vor wie eine\u00a0&#8222;Auss\u00e4tzige&#8220; oder eine aussterbende Gattung<\/li>\n<li>in der N\u00e4he von Menschen, also generell im \u00f6ffentlichen Raum wird es immer schwieriger, die Dunstwolke auszublasen, ohne einen verachtenden Blick zu bekommen, auch wenn man sich wirklich redlich bem\u00fcht, niemanden einzunebeln\u00a0(Wir kennen\u00a0ja das Ph\u00e4nomen mit dem Windsto\u00df, der &#8222;justament&#8220; dann immer aus der falschen Richtung kommt.)<\/li>\n<li>ich m\u00f6chte nicht die Umwelt verschmutzen und die Reste auf den Boden werfen &#8211; und &#8222;Tschikstummel&#8220; weite Wege mittragen ist urgrausig<\/li>\n<li>raucht und stinkt der\u00a0Aschenbecher jetzt wegen mir oder verpestet mein Vorg\u00e4nger die Luft?<\/li>\n<li>im Auto m\u00f6chte ich nicht mehr rauchen, das stinkt und lenkt zu viel ab<\/li>\n<li>auf die kleinen Brand- oder Glutluckerl oder -l\u00f6cher\u00a0an ein paar\u00a0Kleidungsst\u00fccken kann ich gerne verzichten<\/li>\n<li>in Gesellschaft nicht gerne gesehen bzw. gerochen, da muss ich mich schon oft entfernen<\/li>\n<li>Kinder und Tiere m\u00f6gen es gar nicht<\/li>\n<li>Rauchpause ist keine Pause &#8211; man kann auch Pausen ohne Rauch machen, ist noch stressfreier<\/li>\n<li>Wo darf\u00a0man \u00fcberhaupt noch rauchen? Es wird immer schwieriger einen Rauchplatz zu finden, an dem man geduldet wird. Und die Zeiten, wo ich mich als Raucherin willkommen f\u00fchlte sind schon lange vorbei, &#8230;<\/li>\n<li>Wieso m\u00fcssen meine Gastgeber den ekligen Aschenbecher nur wegen mir wieder reinigen<\/li>\n<li>Wohnungsduft &#8211; kalter Rauch, da gibt es bessere, ges\u00fcndere und angenehmere Ger\u00fcche<\/li>\n<li>endlich kann ich den stinkenden &#8222;K\u00e4figen&#8220; auf den Flugh\u00e4fen fernbleiben<\/li>\n<\/ul>\n<p>&nbsp;<\/p>\n<p>Zwei Freundinnen von mir haben ebenfalls ihr Ziel geschafft und <strong>rauchen mit 50Plus nicht mehr<\/strong>. Ich finde das toll und bewundernswert und habe ganz besonders vor deren und Maskulinos Durchhalteverm\u00f6gen zur Rauchabstinenz Respekt.\u00a0Ich kann es nicht garantieren, dass ich auch diese hohe Latte erreiche, doch ich bin schon auf den Gusto gekommen und versuche <strong>nah dran an meinen Nichtrauchervorbildern<\/strong> zu bleiben.<\/p>\n<p>&nbsp;<\/p>\n<p>Bye-bye cigarette, we had good times, but I really don\u00b4t need you anymore.<\/p>\n<p>I want to taste good, smell good and take care for my health.<\/p>\n<p>When I dream\u00a0about a life without you it feels good,<\/p>\n<p>your time has gone &#8211; it\u00b4s time to say\u00a0good bye and disappear.<\/p>\n<p>I am old enough, I can live without you.<\/p>\n<p>&nbsp;<\/p>\n<p>Viel Kraft, die richtigen Hilfen, den Mut und die Ausdauer w\u00fcnsche ich allen, die diese oder andere <strong>Gewohnheiten oder S\u00fcchte aus ihrem Leben verbannen m\u00f6chten<\/strong>.<\/p>\n<p><img loading=\"lazy\" class=\"alignnone size-medium wp-image-4733\" src=\"https:\/\/www.freude-am-wohnen.at\/gelly\/wp-content\/uploads\/2018\/05\/2018-05-07-15.44.32-300x300.jpg\" alt=\"\" width=\"300\" height=\"300\" srcset=\"https:\/\/www.freude-am-wohnen.at\/gelly\/wp-content\/uploads\/2018\/05\/2018-05-07-15.44.32-300x300.jpg 300w, https:\/\/www.freude-am-wohnen.at\/gelly\/wp-content\/uploads\/2018\/05\/2018-05-07-15.44.32-150x150.jpg 150w, https:\/\/www.freude-am-wohnen.at\/gelly\/wp-content\/uploads\/2018\/05\/2018-05-07-15.44.32-768x768.jpg 768w, https:\/\/www.freude-am-wohnen.at\/gelly\/wp-content\/uploads\/2018\/05\/2018-05-07-15.44.32-1024x1024.jpg 1024w\" sizes=\"(max-width: 300px) 100vw, 300px\" \/> <img loading=\"lazy\" class=\"alignnone size-medium wp-image-4734\" src=\"https:\/\/www.freude-am-wohnen.at\/gelly\/wp-content\/uploads\/2018\/05\/2018-05-07-15.44.37-300x300.jpg\" alt=\"\" width=\"300\" height=\"300\" srcset=\"https:\/\/www.freude-am-wohnen.at\/gelly\/wp-content\/uploads\/2018\/05\/2018-05-07-15.44.37-300x300.jpg 300w, https:\/\/www.freude-am-wohnen.at\/gelly\/wp-content\/uploads\/2018\/05\/2018-05-07-15.44.37-150x150.jpg 150w, https:\/\/www.freude-am-wohnen.at\/gelly\/wp-content\/uploads\/2018\/05\/2018-05-07-15.44.37-768x768.jpg 768w, https:\/\/www.freude-am-wohnen.at\/gelly\/wp-content\/uploads\/2018\/05\/2018-05-07-15.44.37-1024x1024.jpg 1024w\" sizes=\"(max-width: 300px) 100vw, 300px\" \/><\/p>\n<p>Und nachdem es ja meist so ist, wenn das eine geht, ist erst Platz f\u00fcr was neues &#8211; ich hoffe nicht f\u00fcr Unmengen von Kilos K\u00f6rpergewicht, die brauche ich n\u00e4mlich auch nicht &#8211; <strong>bin ich mal gespannt, was stattdessen in mein Leben treten wird<\/strong>.<\/p>\n<p>Auf jeden Fall eines habe ich bei der Reduktion\u00a0schon bemerkt: Mein Tag ohne Zigaretten verf\u00fcgt\u00a0auf einmal \u00fcber <strong>einige\u00a0Minuten mehr freie Zeit<\/strong>,\u00a0die ich liebend\u00a0gerne <strong>f\u00fcr andere sinnvollere und erf\u00fcllendere Dinge nutze<\/strong>.<\/p>\n<p>Alles Liebe von Gelly<\/p>\n<p>Gellysblog<\/p>\n<div class=\"shariff shariff-align-flex-start shariff-widget-align-flex-start\"><ul class=\"shariff-buttons theme-default orientation-horizontal buttonsize-small\"><li class=\"shariff-button facebook shariff-nocustomcolor\" style=\"background-color:#4273c8\"><a href=\"https:\/\/www.facebook.com\/sharer\/sharer.php?u=https%3A%2F%2Fwww.freude-am-wohnen.at%2Fgelly%2Fohne-rauch-gehts-auch%2F\" title=\"Bei Facebook teilen\" aria-label=\"Bei Facebook teilen\" role=\"button\" rel=\"nofollow\" class=\"shariff-link\" style=\"; background-color:#3b5998; color:#fff\" target=\"_blank\"><span class=\"shariff-icon\" style=\"\"><svg width=\"32px\" height=\"20px\" xmlns=\"http:\/\/www.w3.org\/2000\/svg\" viewBox=\"0 0 18 32\"><path fill=\"#3b5998\" d=\"M17.1 0.2v4.7h-2.8q-1.5 0-2.1 0.6t-0.5 1.9v3.4h5.2l-0.7 5.3h-4.5v13.6h-5.5v-13.6h-4.5v-5.3h4.5v-3.9q0-3.3 1.9-5.2t5-1.8q2.6 0 4.1 0.2z\"\/><\/svg><\/span><span class=\"shariff-text\">teilen<\/span>&nbsp;<\/a><\/li><\/ul><\/div>","protected":false},"excerpt":{"rendered":"<p>Einer der Gr\u00fcnde, warum ich in der letzten Woche keinen neuen Beitrag gepostet habe, ist, dass ich mich gerade mit dem Thema: &#8222;Geht es ohne Rauchen auch?&#8220; besch\u00e4ftige und meine Gedanken anscheinend andauernd um dieses Loslassen gekreist sind, sodass\u00a0keine kreative &hellip; <a href=\"https:\/\/www.freude-am-wohnen.at\/gelly\/ohne-rauch-gehts-auch\/\">Weiterlesen <span class=\"meta-nav\">&rarr;<\/span><\/a><\/p>\n","protected":false},"author":2,"featured_media":4732,"comment_status":"open","ping_status":"open","sticky":false,"template":"","format":"standard","meta":{"_mi_skip_tracking":false},"categories":[4],"tags":[],"amp_enabled":true,"_links":{"self":[{"href":"https:\/\/www.freude-am-wohnen.at\/gelly\/wp-json\/wp\/v2\/posts\/4729"}],"collection":[{"href":"https:\/\/www.freude-am-wohnen.at\/gelly\/wp-json\/wp\/v2\/posts"}],"about":[{"href":"https:\/\/www.freude-am-wohnen.at\/gelly\/wp-json\/wp\/v2\/types\/post"}],"author":[{"embeddable":true,"href":"https:\/\/www.freude-am-wohnen.at\/gelly\/wp-json\/wp\/v2\/users\/2"}],"replies":[{"embeddable":true,"href":"https:\/\/www.freude-am-wohnen.at\/gelly\/wp-json\/wp\/v2\/comments?post=4729"}],"version-history":[{"count":11,"href":"https:\/\/www.freude-am-wohnen.at\/gelly\/wp-json\/wp\/v2\/posts\/4729\/revisions"}],"predecessor-version":[{"id":4747,"href":"https:\/\/www.freude-am-wohnen.at\/gelly\/wp-json\/wp\/v2\/posts\/4729\/revisions\/4747"}],"wp:featuredmedia":[{"embeddable":true,"href":"https:\/\/www.freude-am-wohnen.at\/gelly\/wp-json\/wp\/v2\/media\/4732"}],"wp:attachment":[{"href":"https:\/\/www.freude-am-wohnen.at\/gelly\/wp-json\/wp\/v2\/media?parent=4729"}],"wp:term":[{"taxonomy":"category","embeddable":true,"href":"https:\/\/www.freude-am-wohnen.at\/gelly\/wp-json\/wp\/v2\/categories?post=4729"},{"taxonomy":"post_tag","embeddable":true,"href":"https:\/\/www.freude-am-wohnen.at\/gelly\/wp-json\/wp\/v2\/tags?post=4729"}],"curies":[{"name":"wp","href":"https:\/\/api.w.org\/{rel}","templated":true}]}}