{"id":3972,"date":"2018-01-31T21:38:16","date_gmt":"2018-01-31T20:38:16","guid":{"rendered":"http:\/\/www.freude-am-wohnen.at\/gelly\/?p=3972"},"modified":"2018-01-31T22:00:51","modified_gmt":"2018-01-31T21:00:51","slug":"wohin-mit-dem-geruempel","status":"publish","type":"post","link":"https:\/\/www.freude-am-wohnen.at\/gelly\/wohin-mit-dem-geruempel\/","title":{"rendered":"Wohin mit dem Ger\u00fcmpel?"},"content":{"rendered":"<p>Wieder einmal stelle ich mir in den letzten Wochen &#8211; wie jedes Jahr wieder oder eigentlich immer &#8211; die Frage: wohin mit dem Ger\u00fcmpel, dass ich seit einigen Jahren nie gebraucht habe und das nur sinnlos, platzverschwendend und staubfangend in unserer Wohnung oder in unserem Keller herumsteht?<!--more--><\/p>\n<p>Ich bringe es meist nicht \u00fcbers Herz, <strong>Dinge, die noch funktionieren<\/strong>, wenn auch nur teilweise <strong>gebrauchsf\u00e4hig sind<\/strong> oder von denen ich mir vorstellen k\u00f6nnte, dass sie jemand anderer brauchen k\u00f6nnte, einfach so<strong> in die ungusti\u00f6sen, stinkenden M\u00fcllrollcontainer zu schmei\u00dfen<\/strong>. Manche Personen stellen noch verwendbare Dinge neben die M\u00fcllk\u00fcbel, doch im Endeffekt landen diese dann ebenso im Entsorgungswagen der st\u00e4dtischen M\u00fcllabfuhr.<\/p>\n<p>Also was tun, wenn nicht einfach im Restm\u00fcll verschwinden lassen? Mittlerweile habe ich mein eigenes Konzept der <strong>m\u00f6glichst sinnvollen Wiederverwertung<\/strong> entdeckt. Das ganze Jahr \u00fcber stehen bei uns unter einer Kommode versteckt 2 Taschen, in denen ich <strong>regelm\u00e4\u00dfig die kleinen Dinge\u00a0sammle<\/strong>, die mir zuf\u00e4llig unterkommen. Bei jedem Gegenstand \u00fcberlege ich bewusst, wann ich diesen und ob \u00fcberhaupt ich diesen zuletzt oder \u00fcberhaupt gebraucht habe. Wenn das schon \u00fcber 3 Jahre her ist, falls ich mich \u00fcberhaupt daran erinnern kann, dann wandert dieses Teil nicht mehr zur\u00fcck in den Kasten, in die Kommode oder ins Regal, sondern verschwindet gleich in der Entsorgungstasche.<\/p>\n<p>Diese <strong>Idee entstand<\/strong> im Vorjahr <strong>w\u00e4hrend der\u00a0Adventzeit<\/strong>, wo eine soziale Einrichtung gebeten hatte, jeden Tag z.B. ein haltbares Lebensmittel in den umgekehrten Adventkalender zu stellen,\u00a0sodass dann am 24. Dezember eine ganze Nahrungskiste f\u00fcr bed\u00fcrftige Menschen abgegeben und verschenkt werden kann. W\u00e4hrend dieser Zeit hatte ich allerdings nicht\u00a0die Muse, eine Kiste konsequent und t\u00e4glich zu best\u00fccken, so wie ich nicht einmal das K\u00e4stchen meines\u00a0Adventkalenders t\u00e4glich ge\u00f6ffnet hatte. Doch eine <strong>gute Tat\u00a0kann ja auch \u00f6fter im Jahr vollbracht werden<\/strong> und muss sich\u00a0nicht nur auf diesen einen Heiligen Abend im Jahr beschr\u00e4nken.<\/p>\n<p>Mittlerweise habe ich <strong>3 Stellen, wo ich mein Ger\u00fcmpel abgebe<\/strong>, das vielleicht f\u00fcr andere einen gro\u00dfen Wert hat oder bei bed\u00fcrftigen Menschen oder Tieren t\u00e4glich fehlt oder ihnen zumindest eine kleine Freude bereitet.<\/p>\n<p>&nbsp;<\/p>\n<p><strong>Neunerhaus &#8211; Hilfe f\u00fcr obdachlose Menschen: <\/strong><a href=\"http:\/\/www.neunerhaus.at\/spendengegenobdachlosigkeit\/sachspenden\/\">http:\/\/www.neunerhaus.at\/spendengegenobdachlosigkeit\/sachspenden\/<\/a><\/p>\n<ul>\n<li>Hier werden (lt. Homepage) gerne Sachspenden von derzeit z.B. Bettw\u00e4sche, Leint\u00fccher, Vorh\u00e4nge, Winterbekleidung f\u00fcr Herren (gro\u00dfe Gr\u00f6\u00dfen), T\u00f6pfe und Pfannen<\/li>\n<li>Auch Medikamentenspenden sind gerne gesehen, wobei ich hier auch eine Apotheke meines Vertrauens habe, die die nicht mehr ben\u00f6tigten und vielleicht auch noch nicht abgelaufenen? Medikamente gerne zur\u00fccknimmt und dann gesammelt an eine soziale Einrichtung abgibt.<\/li>\n<li><strong>Gutscheine f\u00fcr Lebensmittel, Hygieneartikel, kulturelle Veranstaltungen<\/strong>, <b>Sportveranstaltungen<\/b> (speziell Fu\u00dfball) oder auch einen Besuch beim Friseur udgl. sind auch gerne gesehen<\/li>\n<\/ul>\n<p>&nbsp;<\/p>\n<p><strong>House of Hope &#8211; social bazar f\u00fcr Gefl\u00fcchtete:<\/strong> <a href=\"http:\/\/www.trainofhope.at\/_www_\/jetzthelfen\/\">http:\/\/www.trainofhope.at\/_www_\/jetzthelfen\/<\/a><\/p>\n<ul>\n<li>Hier werden\u00a0(lt. Homepage und Facebook Post) derzeit T\u00f6pfe &amp; Pfannen,\u00a0Geschirr,\u00a0Polster &amp; Bettdecken,\u00a0Haushaltsger\u00e4te (z.B. Wasserkocher, Staubsauger),\u00a0sonstiger kleiner Hausrat (alles, was sich ohne Auto transportieren l\u00e4sst) gesucht.<\/li>\n<li>Und nat\u00fcrlich nicht zu vergessen: Die KINDER freuen sich \u00fcber\u00a0Kinderw\u00e4gen f\u00fcr Neugeborene,\u00a0Eislaufschuhe (f\u00fcr Schulkinder zwischen 6 und 14),\u00a0Spielzeug, die DAMEN w\u00fcnschen sich\u00a0Kleider (alle Gr\u00f6\u00dfen), bei den HERREN fehlt es aktuell an Winterjacken (alle Gr\u00f6\u00dfen)<\/li>\n<\/ul>\n<p>Zust\u00e4tzlich zur<strong>\u00a0t\u00e4glichen Kleidung<\/strong> mit Wechselm\u00f6glichkeiten und der <strong>Grundversorgung mit Nahrungsmittel<\/strong> ist es f\u00fcr bed\u00fcrftige oder mittellose Personen eigentlich <strong>gar\u00a0nicht m\u00f6glich, sich aus eigenen Mitteln eine Wohnung einzurichten<\/strong>, falls man dann doch das Gl\u00fcck hat, eine zu bekommen.\u00a0Und wie die meisten von uns wissen, braucht man ziemlich viel, beim Bezug der ersten eigenen Wohnung und das geht auch ganz sch\u00f6n ins Geld, wenn man nicht zuf\u00e4llig das Gl\u00fcck hat, dass man von Mama, Papa, Oma, Opa, Bruder,\u00a0Schwester, Tante oder Onkel mit einer kleinen oder oft auch gr\u00f6\u00dferen Aussteuer in die Eigenst\u00e4ndigkeit entlassen\u00a0wird.<\/p>\n<p>&nbsp;<\/p>\n<p>Und wenn das Unn\u00fctze, was ich derzeit fast t\u00e4glich wegsortiere, nicht in die oben angef\u00fchrten Kategorien passt, dann sammle ich diese f\u00fcr den Tandlermarkt und bringe sie bei Gelegenheit zum n\u00e4chsten <strong>M\u00fcllplatz der MA 48<\/strong>, wo <strong>ein Regal<\/strong> f\u00fcr die noch verwendbaren Sachen steht:<\/p>\n<p><a href=\"https:\/\/48ertandler.wien.gv.at\/site\/abgabe-von-altwaren\/\">https:\/\/48ertandler.wien.gv.at\/site\/abgabe-von-altwaren\/<\/a>, die dann\u00a0(lt. Homepage) <strong>f\u00fcr den guten Zweck, <\/strong>z.B. f\u00fcr<\/p>\n<ul>\n<li>Die Gruft \u2013 Betreuung von Obdachlosen<\/li>\n<li>Das Integrationshaus \u2013 Betreuung von Fl\u00fcchtlingen<\/li>\n<li>Das TierQuarTier Wien \u2013 Tierschutz-Kompetenz-Zentrum<\/li>\n<li>Den Verein e.motion \u2013 Equotherapie<\/li>\n<\/ul>\n<p>vielleicht dann auch im Tandlermarkt wiederverkauft werden: <a href=\"https:\/\/48ertandler.wien.gv.at\/site\/\">https:\/\/48ertandler.wien.gv.at\/site\/<\/a><\/p>\n<p>Den <strong>Tandlermarkt<\/strong> habe ich selbst schon besucht und bin vor allem von den Dekost\u00fccken, die ich dort gesehen habe,\u00a0begeistert. Es ist unglaublich, welche Kunstst\u00fccke\u00a0oder kreative Gebrauchsgegenst\u00e4nde man aus M\u00fcll herstellen kann, wie z.B. Sesseln aus B\u00fcchern oder einen Radst\u00e4nder aus Autoreifen oder einem Sofa aus einer Badewanne usw., usw. &#8230;<\/p>\n<p>Der Tandlermarkt ist vor allem eine <strong>Fundgrube f\u00fcr B\u00fccher, aber auch f\u00fcr Hausrat<\/strong> &#8211; derzeit anscheinend auch f\u00fcr Eislaufschuhe.\u00a0Ich habe dort z.B. meine s\u00fcndteuren Teller um einen Euro gesehen, noch im guten Zustand und zeitlos &#8211; allerdings habe ich ja grad genug, sodass ich meistens nur &#8222;gustiere&#8220; und nicht einkaufe. Dieser Markt ist aber eine gute Gelegenheit, wenn man z.B. eine Wohnung und vor allem eine K\u00fcche einrichten m\u00f6chte, das eine oder andere Retro- oder moderne St\u00fcck zu einem sehr g\u00fcnstigen Preis und gleich noch dazu f\u00fcr einen guten Zweck\u00a0kaufen m\u00f6chte.<\/p>\n<p>F\u00fcr mich sind diese <strong>Entsorgungs- und Wiederverwendungsstellen<\/strong> lebenswichtig, denn es f\u00e4llt mir immer schwerer, Dinge, die noch in einem guten Zustand sind, wegzuschmei\u00dfen, wenn man zum selben Zeitpunkt immer wieder und gef\u00fchlt immer mehr arme Menschen an jeder Stra\u00dfenecke sieht, die nicht mit\u00a0ausreichend Bargeld oder einem\u00a0halbwegs ausreichenden Kontostand, wie die meisten von\u00a0uns\u00a0ausgestattet sind. Bis zu dem &#8222;almost worst case&#8220;,\u00a0wo dann auch die Wohnung weg ist, was ich keinem von uns w\u00fcnsche, da ist man doch\u00a0sicher f\u00fcr jedes warme Kleidungsst\u00fcck, eine w\u00e4rmende Decke oder ein weiches Bett &#8211; zumindest f\u00fcr eine Nacht &#8211;\u00a0sehr dankbar und vielleicht\u00a0sogar f\u00fcr einen kleinen Moment gl\u00fccklich.<\/p>\n<p>Und <strong>was brauche ich z.B. nicht mehr<\/strong>? Und das sind nur ein paar Beispiele, denn wenn ich genauer schaue finde ich noch vieles, vieles mehr, dass ich seit Jahren sowieso nicht mehr im Auge hatte oder auch noch gar nie\u00a0verwendet habe.<\/p>\n<p><img loading=\"lazy\" class=\"alignnone size-medium wp-image-3974\" src=\"https:\/\/www.freude-am-wohnen.at\/gelly\/wp-content\/uploads\/2018\/01\/2018-01-28-13.52.06-300x225.jpg\" alt=\"\" width=\"300\" height=\"225\" srcset=\"https:\/\/www.freude-am-wohnen.at\/gelly\/wp-content\/uploads\/2018\/01\/2018-01-28-13.52.06-300x225.jpg 300w, https:\/\/www.freude-am-wohnen.at\/gelly\/wp-content\/uploads\/2018\/01\/2018-01-28-13.52.06-768x576.jpg 768w, https:\/\/www.freude-am-wohnen.at\/gelly\/wp-content\/uploads\/2018\/01\/2018-01-28-13.52.06-1024x768.jpg 1024w\" sizes=\"(max-width: 300px) 100vw, 300px\" \/> <img loading=\"lazy\" class=\"alignnone size-medium wp-image-3975\" src=\"https:\/\/www.freude-am-wohnen.at\/gelly\/wp-content\/uploads\/2018\/01\/2018-01-28-13.52.13-300x225.jpg\" alt=\"\" width=\"300\" height=\"225\" srcset=\"https:\/\/www.freude-am-wohnen.at\/gelly\/wp-content\/uploads\/2018\/01\/2018-01-28-13.52.13-300x225.jpg 300w, https:\/\/www.freude-am-wohnen.at\/gelly\/wp-content\/uploads\/2018\/01\/2018-01-28-13.52.13-768x576.jpg 768w, https:\/\/www.freude-am-wohnen.at\/gelly\/wp-content\/uploads\/2018\/01\/2018-01-28-13.52.13-1024x768.jpg 1024w\" sizes=\"(max-width: 300px) 100vw, 300px\" \/> <img loading=\"lazy\" class=\"alignnone size-medium wp-image-3976\" src=\"https:\/\/www.freude-am-wohnen.at\/gelly\/wp-content\/uploads\/2018\/01\/2018-01-28-13.52.19-225x300.jpg\" alt=\"\" width=\"225\" height=\"300\" srcset=\"https:\/\/www.freude-am-wohnen.at\/gelly\/wp-content\/uploads\/2018\/01\/2018-01-28-13.52.19-225x300.jpg 225w, https:\/\/www.freude-am-wohnen.at\/gelly\/wp-content\/uploads\/2018\/01\/2018-01-28-13.52.19-768x1024.jpg 768w\" sizes=\"(max-width: 225px) 100vw, 225px\" \/> <img loading=\"lazy\" class=\"alignnone size-medium wp-image-3977\" src=\"https:\/\/www.freude-am-wohnen.at\/gelly\/wp-content\/uploads\/2018\/01\/2018-01-28-13.53.25-300x225.jpg\" alt=\"\" width=\"300\" height=\"225\" srcset=\"https:\/\/www.freude-am-wohnen.at\/gelly\/wp-content\/uploads\/2018\/01\/2018-01-28-13.53.25-300x225.jpg 300w, https:\/\/www.freude-am-wohnen.at\/gelly\/wp-content\/uploads\/2018\/01\/2018-01-28-13.53.25-768x576.jpg 768w, https:\/\/www.freude-am-wohnen.at\/gelly\/wp-content\/uploads\/2018\/01\/2018-01-28-13.53.25-1024x768.jpg 1024w\" sizes=\"(max-width: 300px) 100vw, 300px\" \/><\/p>\n<p>Von all diesen Dingen <strong>werde ich mich\u00a0bald trennen<\/strong>, sie vom Staub befreien, sortieren und zu einer der o.a. Stellen bringen.\u00a0Ich hoffe, dass da kein\u00a0Geschenk\u00a0dabei ist, welches ihr mir mit Liebe geschenkt habt, doch gleichzeitig vertraue ich drauf, dass\u00a0auch ihr einverstanden seid, dass eure Gabe jetzt eine Wiederverwendung findet oder in eine kleine Spende\u00a0z.B. f\u00fcr einen warmen Tee umgewandelt\u00a0wird.<\/p>\n<p><strong>Entsorgen erleichtert<\/strong>, macht richtig Freude, wenn man wei\u00df wohin und <strong>schafft Platz f\u00fcr neues<\/strong>. Da gibt es ja auch den Spruch, der mich sinngem\u00e4\u00df seit einigen Jahrzehnten begleitet und sich f\u00fcr mich immer bewahrheitet hat:\u00a0\u00a0Erst wenn du altes losl\u00e4sst, ist\u00a0Platz f\u00fcr neues frei. Loslassen und Entsorgen ist zwar nicht immer angenehm und darf auch ein wenig traurig machen. Doch wenn man diese H\u00fcrde geschafft hat,\u00a0dauert es dann meist eh\u00b4 nicht lang, bis sich der Platz wieder f\u00fcllt, und sich neues\u00a0scheinbar ganz von alleine, ohne gro\u00dfe Anstrengung einstellt und vielleicht auch neue\u00a0Energie mitbringt, an der wir dann ein wenig zehren\u00a0k\u00f6nnen &#8211; bis zur n\u00e4chsten Entsorgungswelle, so bleibt man auch in Bewegung!<\/p>\n<p>Falls ihr noch <strong>andere nachhaltige Entsorgungsm\u00f6glichkeiten<\/strong> f\u00fcr dies oder das hier in Wien wisst, w\u00fcrde ich mich freuen, wenn ihr diese weiteren M\u00f6glichkeiten mit uns teilt. Gerne k\u00f6nnen auch Wiederverwendungsm\u00f6glichkeiten aus anderen Regionen \u00fcber diesen Beitrag verbreitet werden.<\/p>\n<p>Ich w\u00fcnsche euch den <strong>Mut zu einer gro\u00dfz\u00fcgigen R\u00e4umungsaktion<\/strong> &#8211; nicht f\u00fcr den M\u00fcll, sondern f\u00fcr die <strong>Wiederverwertung und<\/strong> im Idealfall noch f\u00fcr einen <strong>guten Zweck<\/strong>! Ich habe noch kein St\u00fcck vermisst, seit ich wei\u00df, es hat dann vielleicht jemand anderer eine Freude damit.<\/p>\n<p>Erleichterung beim Entsorgen und\u00a0viel Platz f\u00fcr neues &#8211; die n\u00e4chste Fr\u00fchlingsmode kommt\u00a0bestimmt bzw. ist ja schon da &#8211; w\u00fcnscht euch<\/p>\n<p>Gelly<\/p>\n<p>Gellyblog<\/p>\n<p>P.S.: F\u00fcr noch mehr Fr\u00fchlingsgef\u00fchle bzw. Lust auf\u00a0eine &#8222;S\u00e4uberungsaktion&#8220; in euren Schubladen,\u00a0Regalen, Kellern und K\u00e4sten hier noch die ersten Fr\u00fchlingsblumen, die ich\u00a0\u00fcberraschenderweise auch heute schon, am letzten J\u00e4nnertag, in den Vorg\u00e4rten\u00a0der &#8222;Vorstadt&#8220; im 19. Bezirk\u00a0entdeckt habe.\u00a0Auch die Blumen wollen nicht mehr warten, bis der offizielle Fr\u00fchlingsbeginn angesagt ist, sondern sprie\u00dfen jetzt schon!<\/p>\n<p><img loading=\"lazy\" class=\"alignnone size-medium wp-image-3982\" src=\"https:\/\/www.freude-am-wohnen.at\/gelly\/wp-content\/uploads\/2018\/01\/2018-01-31-13.24.28-300x300.jpg\" alt=\"\" width=\"300\" height=\"300\" srcset=\"https:\/\/www.freude-am-wohnen.at\/gelly\/wp-content\/uploads\/2018\/01\/2018-01-31-13.24.28-300x300.jpg 300w, https:\/\/www.freude-am-wohnen.at\/gelly\/wp-content\/uploads\/2018\/01\/2018-01-31-13.24.28-150x150.jpg 150w, https:\/\/www.freude-am-wohnen.at\/gelly\/wp-content\/uploads\/2018\/01\/2018-01-31-13.24.28-768x768.jpg 768w, https:\/\/www.freude-am-wohnen.at\/gelly\/wp-content\/uploads\/2018\/01\/2018-01-31-13.24.28-1024x1024.jpg 1024w\" sizes=\"(max-width: 300px) 100vw, 300px\" \/> <img loading=\"lazy\" class=\"alignnone size-medium wp-image-3983\" src=\"https:\/\/www.freude-am-wohnen.at\/gelly\/wp-content\/uploads\/2018\/01\/2018-01-31-13.26.51-300x300.jpg\" alt=\"\" width=\"300\" height=\"300\" srcset=\"https:\/\/www.freude-am-wohnen.at\/gelly\/wp-content\/uploads\/2018\/01\/2018-01-31-13.26.51-300x300.jpg 300w, https:\/\/www.freude-am-wohnen.at\/gelly\/wp-content\/uploads\/2018\/01\/2018-01-31-13.26.51-150x150.jpg 150w, https:\/\/www.freude-am-wohnen.at\/gelly\/wp-content\/uploads\/2018\/01\/2018-01-31-13.26.51-768x768.jpg 768w, https:\/\/www.freude-am-wohnen.at\/gelly\/wp-content\/uploads\/2018\/01\/2018-01-31-13.26.51-1024x1024.jpg 1024w\" sizes=\"(max-width: 300px) 100vw, 300px\" \/><\/p>\n<p>&nbsp;<\/p>\n<div class=\"shariff shariff-align-flex-start shariff-widget-align-flex-start\"><ul class=\"shariff-buttons theme-default orientation-horizontal buttonsize-small\"><li class=\"shariff-button facebook shariff-nocustomcolor\" style=\"background-color:#4273c8\"><a href=\"https:\/\/www.facebook.com\/sharer\/sharer.php?u=https%3A%2F%2Fwww.freude-am-wohnen.at%2Fgelly%2Fwohin-mit-dem-geruempel%2F\" title=\"Bei Facebook teilen\" aria-label=\"Bei Facebook teilen\" role=\"button\" rel=\"nofollow\" class=\"shariff-link\" style=\"; background-color:#3b5998; color:#fff\" target=\"_blank\"><span class=\"shariff-icon\" style=\"\"><svg width=\"32px\" height=\"20px\" xmlns=\"http:\/\/www.w3.org\/2000\/svg\" viewBox=\"0 0 18 32\"><path fill=\"#3b5998\" d=\"M17.1 0.2v4.7h-2.8q-1.5 0-2.1 0.6t-0.5 1.9v3.4h5.2l-0.7 5.3h-4.5v13.6h-5.5v-13.6h-4.5v-5.3h4.5v-3.9q0-3.3 1.9-5.2t5-1.8q2.6 0 4.1 0.2z\"\/><\/svg><\/span><span class=\"shariff-text\">teilen<\/span>&nbsp;<\/a><\/li><\/ul><\/div>","protected":false},"excerpt":{"rendered":"<p>Wieder einmal stelle ich mir in den letzten Wochen &#8211; wie jedes Jahr wieder oder eigentlich immer &#8211; die Frage: wohin mit dem Ger\u00fcmpel, dass ich seit einigen Jahren nie gebraucht habe und das nur sinnlos, platzverschwendend und staubfangend in &hellip; <a href=\"https:\/\/www.freude-am-wohnen.at\/gelly\/wohin-mit-dem-geruempel\/\">Weiterlesen <span class=\"meta-nav\">&rarr;<\/span><\/a><\/p>\n","protected":false},"author":2,"featured_media":3974,"comment_status":"open","ping_status":"open","sticky":false,"template":"","format":"standard","meta":{"_exactmetrics_skip_tracking":false},"categories":[4],"tags":[],"amp_enabled":true,"_links":{"self":[{"href":"https:\/\/www.freude-am-wohnen.at\/gelly\/wp-json\/wp\/v2\/posts\/3972"}],"collection":[{"href":"https:\/\/www.freude-am-wohnen.at\/gelly\/wp-json\/wp\/v2\/posts"}],"about":[{"href":"https:\/\/www.freude-am-wohnen.at\/gelly\/wp-json\/wp\/v2\/types\/post"}],"author":[{"embeddable":true,"href":"https:\/\/www.freude-am-wohnen.at\/gelly\/wp-json\/wp\/v2\/users\/2"}],"replies":[{"embeddable":true,"href":"https:\/\/www.freude-am-wohnen.at\/gelly\/wp-json\/wp\/v2\/comments?post=3972"}],"version-history":[{"count":13,"href":"https:\/\/www.freude-am-wohnen.at\/gelly\/wp-json\/wp\/v2\/posts\/3972\/revisions"}],"predecessor-version":[{"id":3991,"href":"https:\/\/www.freude-am-wohnen.at\/gelly\/wp-json\/wp\/v2\/posts\/3972\/revisions\/3991"}],"wp:featuredmedia":[{"embeddable":true,"href":"https:\/\/www.freude-am-wohnen.at\/gelly\/wp-json\/wp\/v2\/media\/3974"}],"wp:attachment":[{"href":"https:\/\/www.freude-am-wohnen.at\/gelly\/wp-json\/wp\/v2\/media?parent=3972"}],"wp:term":[{"taxonomy":"category","embeddable":true,"href":"https:\/\/www.freude-am-wohnen.at\/gelly\/wp-json\/wp\/v2\/categories?post=3972"},{"taxonomy":"post_tag","embeddable":true,"href":"https:\/\/www.freude-am-wohnen.at\/gelly\/wp-json\/wp\/v2\/tags?post=3972"}],"curies":[{"name":"wp","href":"https:\/\/api.w.org\/{rel}","templated":true}]}}