{"id":247,"date":"2016-07-29T13:12:11","date_gmt":"2016-07-29T11:12:11","guid":{"rendered":"http:\/\/www.freude-am-wohnen.at\/gelly\/?p=247"},"modified":"2018-01-15T18:21:00","modified_gmt":"2018-01-15T17:21:00","slug":"morgensport-an-sommertagen","status":"publish","type":"post","link":"https:\/\/www.freude-am-wohnen.at\/gelly\/morgensport-an-sommertagen\/","title":{"rendered":"Morgensport an Sommertagen"},"content":{"rendered":"<p>Am besten ist, ihr klettert gleich nach dem ersten Augenaufschlag morgens aus dem Bett, bei mir war das heute 6.45 Uhr.<\/p>\n<p>Nach dem ersten Kaffee machte ich mich dann auf den Weg, die ersten Schritte zu erreichen.<\/p>\n<p>Die Luft ist um diese Tageszeit angenehm k\u00fchl und riecht trotzdem nach Sommer. Ich habe Stare, M\u00f6wen, Enten gesehen und Tauben gurren, V\u00f6gel zwitschern und einen heiseren Frosch quaken geh\u00f6rt! Und schon nach nur 26 Minuten fast 3.000 Schritte gemacht.<!--more--><\/p>\n<p>Als mein Mitbewohner schon ansprechbar war, stimmte er gleich zu, mit mir gemeinsam zum SPAR in den Ort zu radeln. Wir haben Gas gegeben und die meisten anderen Morgensportler \u00fcberholt. Trotzdem war noch Zeit, einen Blick auf die leider schon verbl\u00fchten Sonnenblumenfelder und die bl\u00fchenden Seerosen zu werfen. Ich w\u00e4re auch alleine geradelt, doch leichter in die G\u00e4nge zu kommen ist es schon gemeinsam!<\/p>\n<p>Ich hoffe, ich konnte euch einen Gusto machen, die n\u00e4chsten Sommertage mit \u00a0\u00e4hnlichen Aktivit\u00e4ten zu beginnen. Um 10 Uhr habt ihr dann schon 3.000 Schritte und 30 Aktivit\u00e4tsminuten gesammelt, dann k\u00f6nnt ihr den Tag z.B. so wie ich jetzt, gl\u00fccklich und zufrieden auf der Sonnenliege ausklingen lassen.<\/p>\n<p>Sch\u00f6ne Sommertage w\u00fcnscht euch<\/p>\n<p>Gelly<\/p>\n<p>Gellysblog<\/p>\n<p>&nbsp;<\/p>\n<div class=\"shariff shariff-align-flex-start shariff-widget-align-flex-start\"><ul class=\"shariff-buttons theme-default orientation-horizontal buttonsize-small\"><li class=\"shariff-button facebook shariff-nocustomcolor\" style=\"background-color:#4273c8\"><a href=\"https:\/\/www.facebook.com\/sharer\/sharer.php?u=https%3A%2F%2Fwww.freude-am-wohnen.at%2Fgelly%2Fmorgensport-an-sommertagen%2F\" title=\"Bei Facebook teilen\" aria-label=\"Bei Facebook teilen\" role=\"button\" rel=\"nofollow\" class=\"shariff-link\" style=\"; background-color:#3b5998; color:#fff\" target=\"_blank\"><span class=\"shariff-icon\" style=\"\"><svg width=\"32px\" height=\"20px\" xmlns=\"http:\/\/www.w3.org\/2000\/svg\" viewBox=\"0 0 18 32\"><path fill=\"#3b5998\" d=\"M17.1 0.2v4.7h-2.8q-1.5 0-2.1 0.6t-0.5 1.9v3.4h5.2l-0.7 5.3h-4.5v13.6h-5.5v-13.6h-4.5v-5.3h4.5v-3.9q0-3.3 1.9-5.2t5-1.8q2.6 0 4.1 0.2z\"\/><\/svg><\/span><span class=\"shariff-text\">teilen<\/span>&nbsp;<\/a><\/li><\/ul><\/div>","protected":false},"excerpt":{"rendered":"<p>Am besten ist, ihr klettert gleich nach dem ersten Augenaufschlag morgens aus dem Bett, bei mir war das heute 6.45 Uhr. Nach dem ersten Kaffee machte ich mich dann auf den Weg, die ersten Schritte zu erreichen. Die Luft ist &hellip; <a href=\"https:\/\/www.freude-am-wohnen.at\/gelly\/morgensport-an-sommertagen\/\">Weiterlesen <span class=\"meta-nav\">&rarr;<\/span><\/a><\/p>\n","protected":false},"author":2,"featured_media":0,"comment_status":"open","ping_status":"open","sticky":false,"template":"","format":"standard","meta":{"_mi_skip_tracking":false},"categories":[3],"tags":[],"amp_enabled":true,"_links":{"self":[{"href":"https:\/\/www.freude-am-wohnen.at\/gelly\/wp-json\/wp\/v2\/posts\/247"}],"collection":[{"href":"https:\/\/www.freude-am-wohnen.at\/gelly\/wp-json\/wp\/v2\/posts"}],"about":[{"href":"https:\/\/www.freude-am-wohnen.at\/gelly\/wp-json\/wp\/v2\/types\/post"}],"author":[{"embeddable":true,"href":"https:\/\/www.freude-am-wohnen.at\/gelly\/wp-json\/wp\/v2\/users\/2"}],"replies":[{"embeddable":true,"href":"https:\/\/www.freude-am-wohnen.at\/gelly\/wp-json\/wp\/v2\/comments?post=247"}],"version-history":[{"count":4,"href":"https:\/\/www.freude-am-wohnen.at\/gelly\/wp-json\/wp\/v2\/posts\/247\/revisions"}],"predecessor-version":[{"id":252,"href":"https:\/\/www.freude-am-wohnen.at\/gelly\/wp-json\/wp\/v2\/posts\/247\/revisions\/252"}],"wp:attachment":[{"href":"https:\/\/www.freude-am-wohnen.at\/gelly\/wp-json\/wp\/v2\/media?parent=247"}],"wp:term":[{"taxonomy":"category","embeddable":true,"href":"https:\/\/www.freude-am-wohnen.at\/gelly\/wp-json\/wp\/v2\/categories?post=247"},{"taxonomy":"post_tag","embeddable":true,"href":"https:\/\/www.freude-am-wohnen.at\/gelly\/wp-json\/wp\/v2\/tags?post=247"}],"curies":[{"name":"wp","href":"https:\/\/api.w.org\/{rel}","templated":true}]}}