{"id":2052,"date":"2017-07-19T22:36:23","date_gmt":"2017-07-19T20:36:23","guid":{"rendered":"http:\/\/www.freude-am-wohnen.at\/gelly\/?p=2052"},"modified":"2017-07-19T22:49:17","modified_gmt":"2017-07-19T20:49:17","slug":"bestellformulare-fuer-gellysblog-laschen-sind-fertig","status":"publish","type":"post","link":"https:\/\/www.freude-am-wohnen.at\/gelly\/bestellformulare-fuer-gellysblog-laschen-sind-fertig\/","title":{"rendered":"Bestellformulare f\u00fcr Gellysblog Laschen sind fertig"},"content":{"rendered":"<p>Ein weiterer Meilenstein ist geschafft, das Bestellformular f\u00fcr Taschen und\/oder Laschen ist online. Diesmal ohne viel Text, zum Wirken lassen:<!--more--><\/p>\n<p><a href=\"https:\/\/www.freude-am-wohnen.at\/gelly\/wp-content\/uploads\/2017\/07\/Zusammenfassung-Sommerkollektion-2017.pdf\">Zusammenfassung Sommerkollektion 2017<\/a><\/p>\n<p>Einfach anklicken, aussuchen und vielleicht euch selbst oder jemand anderen\u00a0eine Freude und ein\u00a0kleines Geschenk bereiten!<\/p>\n<p>Im Header\u00a0(=ganz oben\u00a0bei den \u00dcberschriften)\u00a0findet ihr jetzt die einfache Bestellm\u00f6glichkeit f\u00fcr\u00a0Taschen und oder Laschen &#8211; ich freue mich auf jeden Fall \u00fcber jede einzelne und m\u00f6chte mich jetzt schon im Vorhinein bei euch daf\u00fcr bedanken.<\/p>\n<p>Viel Freude mit Taschen und Laschen\u00a0w\u00fcnscht euch<\/p>\n<p>Gelly<\/p>\n<p>Gellysblog<\/p>\n<p>&nbsp;<\/p>\n<p>&nbsp;<\/p>\n<p>&nbsp;<\/p>\n<div class=\"shariff shariff-align-flex-start shariff-widget-align-flex-start\"><ul class=\"shariff-buttons theme-default orientation-horizontal buttonsize-small\"><li class=\"shariff-button facebook shariff-nocustomcolor\" style=\"background-color:#4273c8\"><a href=\"https:\/\/www.facebook.com\/sharer\/sharer.php?u=https%3A%2F%2Fwww.freude-am-wohnen.at%2Fgelly%2Fbestellformulare-fuer-gellysblog-laschen-sind-fertig%2F\" title=\"Bei Facebook teilen\" aria-label=\"Bei Facebook teilen\" role=\"button\" rel=\"nofollow\" class=\"shariff-link\" style=\"; background-color:#3b5998; color:#fff\" target=\"_blank\"><span class=\"shariff-icon\" style=\"\"><svg width=\"32px\" height=\"20px\" xmlns=\"http:\/\/www.w3.org\/2000\/svg\" viewBox=\"0 0 18 32\"><path fill=\"#3b5998\" d=\"M17.1 0.2v4.7h-2.8q-1.5 0-2.1 0.6t-0.5 1.9v3.4h5.2l-0.7 5.3h-4.5v13.6h-5.5v-13.6h-4.5v-5.3h4.5v-3.9q0-3.3 1.9-5.2t5-1.8q2.6 0 4.1 0.2z\"\/><\/svg><\/span><span class=\"shariff-text\">teilen<\/span>&nbsp;<\/a><\/li><\/ul><\/div>","protected":false},"excerpt":{"rendered":"<p>Ein weiterer Meilenstein ist geschafft, das Bestellformular f\u00fcr Taschen und\/oder Laschen ist online. Diesmal ohne viel Text, zum Wirken lassen:<\/p>\n","protected":false},"author":2,"featured_media":1949,"comment_status":"open","ping_status":"open","sticky":false,"template":"","format":"standard","meta":{"_mi_skip_tracking":false},"categories":[10],"tags":[],"amp_enabled":true,"_links":{"self":[{"href":"https:\/\/www.freude-am-wohnen.at\/gelly\/wp-json\/wp\/v2\/posts\/2052"}],"collection":[{"href":"https:\/\/www.freude-am-wohnen.at\/gelly\/wp-json\/wp\/v2\/posts"}],"about":[{"href":"https:\/\/www.freude-am-wohnen.at\/gelly\/wp-json\/wp\/v2\/types\/post"}],"author":[{"embeddable":true,"href":"https:\/\/www.freude-am-wohnen.at\/gelly\/wp-json\/wp\/v2\/users\/2"}],"replies":[{"embeddable":true,"href":"https:\/\/www.freude-am-wohnen.at\/gelly\/wp-json\/wp\/v2\/comments?post=2052"}],"version-history":[{"count":4,"href":"https:\/\/www.freude-am-wohnen.at\/gelly\/wp-json\/wp\/v2\/posts\/2052\/revisions"}],"predecessor-version":[{"id":2057,"href":"https:\/\/www.freude-am-wohnen.at\/gelly\/wp-json\/wp\/v2\/posts\/2052\/revisions\/2057"}],"wp:featuredmedia":[{"embeddable":true,"href":"https:\/\/www.freude-am-wohnen.at\/gelly\/wp-json\/wp\/v2\/media\/1949"}],"wp:attachment":[{"href":"https:\/\/www.freude-am-wohnen.at\/gelly\/wp-json\/wp\/v2\/media?parent=2052"}],"wp:term":[{"taxonomy":"category","embeddable":true,"href":"https:\/\/www.freude-am-wohnen.at\/gelly\/wp-json\/wp\/v2\/categories?post=2052"},{"taxonomy":"post_tag","embeddable":true,"href":"https:\/\/www.freude-am-wohnen.at\/gelly\/wp-json\/wp\/v2\/tags?post=2052"}],"curies":[{"name":"wp","href":"https:\/\/api.w.org\/{rel}","templated":true}]}}