{"id":202,"date":"2016-07-20T19:44:32","date_gmt":"2016-07-20T17:44:32","guid":{"rendered":"http:\/\/www.freude-am-wohnen.at\/gelly\/?p=202"},"modified":"2016-07-25T14:37:37","modified_gmt":"2016-07-25T12:37:37","slug":"schwammerlrezepte","status":"publish","type":"post","link":"https:\/\/www.freude-am-wohnen.at\/gelly\/schwammerlrezepte\/","title":{"rendered":"Schwammerlrezepte"},"content":{"rendered":"<p>Nachdem wir ja doch bei unserer Schwammerlsuchtour f\u00fcndig geworden sind, haben wir wieder 2 neue Rezepte ausprobiert, bzw. mein Mitbewohner hat netterweise die grosse Beute gleich verarbeitet, denn bekannterweise schmecken Schwammerl und andere Fr\u00fcchte der Natur doch frisch am Besten.<\/p>\n<p><!--more--><\/p>\n<p>Das erste war die Mangold-Pfifferling-Tarte, die war wirklich k\u00f6stlich,\u00a0sehr erfrischend sommerlich und mal was neues, also spannend zum Probieren. Dazugemischt haben wir noch ein wenig ger\u00e4ucherten Lachs, da wir wussten, dass unsere G\u00e4ste gerne Lachs essen.<\/p>\n<p>Wir haben noch Joghurt oder Sauerrahm\u00a0als Dip bzw. als Beilage dazu verwendet. Falls Mangold nicht verf\u00fcgbar ist, k\u00f6nnte man wahrscheinlich auch\u00a0(nicht zu nassen) Spinat verwenden:<\/p>\n<p>http:\/\/www.chefkoch.de\/rezepte\/1877671305459596\/Mangold-Pfifferling-Tarte.html<\/p>\n<p>&nbsp;<\/p>\n<p>Dann gab\u00b4s Eierschwammerl plus 1 Pilz plus 1 Gr\u00fcner T\u00e4ubling als Gulasch mit Serviettenkn\u00f6del von Knorr. Es schmeckte sehr k\u00f6stlich, nur hat mein Mitbewohner leider den scharfen Paprika anstelle des\u00a0edels\u00fcssen erwischt. Nach ein paar Verd\u00fcnnungsschritten mit Suppe und leichtem Obers (Cremefine) war es dann doch gut geniessbar:<\/p>\n<p>http:\/\/www.chefkoch.de\/rezepte\/1100901216044972\/Eierschwammerlgulasch.html<\/p>\n<p>&nbsp;<\/p>\n<p>Und die beste Eierschwammerlsauce &#8211; auch mit Kn\u00f6del &#8211; gab\u00b4s bei meiner Frau Mutter, dieses Rezept darf ich leider nicht verraten, aber ich glaube hierf\u00fcr wird man in diversen Kochb\u00fcchern oder im Internet selbst f\u00fcndig. Ich selbst nehme daf\u00fcr das Plachutta Rezept und das gelingt auch ganz gut.<\/p>\n<p>&nbsp;<\/p>\n<p>Ich w\u00fcnsche euch gutes Gelingen und einen guten Apetit<\/p>\n<p>&nbsp;<\/p>\n<p>Gelly<\/p>\n<p>Gellysblog<\/p>\n<div class=\"shariff shariff-align-flex-start shariff-widget-align-flex-start\"><ul class=\"shariff-buttons theme-default orientation-horizontal buttonsize-small\"><li class=\"shariff-button facebook shariff-nocustomcolor\" style=\"background-color:#4273c8\"><a href=\"https:\/\/www.facebook.com\/sharer\/sharer.php?u=https%3A%2F%2Fwww.freude-am-wohnen.at%2Fgelly%2Fschwammerlrezepte%2F\" title=\"Bei Facebook teilen\" aria-label=\"Bei Facebook teilen\" role=\"button\" rel=\"nofollow\" class=\"shariff-link\" style=\"; background-color:#3b5998; color:#fff\" target=\"_blank\"><span class=\"shariff-icon\" style=\"\"><svg width=\"32px\" height=\"20px\" xmlns=\"http:\/\/www.w3.org\/2000\/svg\" viewBox=\"0 0 18 32\"><path fill=\"#3b5998\" d=\"M17.1 0.2v4.7h-2.8q-1.5 0-2.1 0.6t-0.5 1.9v3.4h5.2l-0.7 5.3h-4.5v13.6h-5.5v-13.6h-4.5v-5.3h4.5v-3.9q0-3.3 1.9-5.2t5-1.8q2.6 0 4.1 0.2z\"\/><\/svg><\/span><span class=\"shariff-text\">teilen<\/span>&nbsp;<\/a><\/li><\/ul><\/div>","protected":false},"excerpt":{"rendered":"<p>Nachdem wir ja doch bei unserer Schwammerlsuchtour f\u00fcndig geworden sind, haben wir wieder 2 neue Rezepte ausprobiert, bzw. mein Mitbewohner hat netterweise die grosse Beute gleich verarbeitet, denn bekannterweise schmecken Schwammerl und andere Fr\u00fcchte der Natur doch frisch am Besten.<\/p>\n","protected":false},"author":2,"featured_media":0,"comment_status":"open","ping_status":"open","sticky":false,"template":"","format":"standard","meta":{"_mi_skip_tracking":false},"categories":[1],"tags":[],"amp_enabled":true,"_links":{"self":[{"href":"https:\/\/www.freude-am-wohnen.at\/gelly\/wp-json\/wp\/v2\/posts\/202"}],"collection":[{"href":"https:\/\/www.freude-am-wohnen.at\/gelly\/wp-json\/wp\/v2\/posts"}],"about":[{"href":"https:\/\/www.freude-am-wohnen.at\/gelly\/wp-json\/wp\/v2\/types\/post"}],"author":[{"embeddable":true,"href":"https:\/\/www.freude-am-wohnen.at\/gelly\/wp-json\/wp\/v2\/users\/2"}],"replies":[{"embeddable":true,"href":"https:\/\/www.freude-am-wohnen.at\/gelly\/wp-json\/wp\/v2\/comments?post=202"}],"version-history":[{"count":2,"href":"https:\/\/www.freude-am-wohnen.at\/gelly\/wp-json\/wp\/v2\/posts\/202\/revisions"}],"predecessor-version":[{"id":207,"href":"https:\/\/www.freude-am-wohnen.at\/gelly\/wp-json\/wp\/v2\/posts\/202\/revisions\/207"}],"wp:attachment":[{"href":"https:\/\/www.freude-am-wohnen.at\/gelly\/wp-json\/wp\/v2\/media?parent=202"}],"wp:term":[{"taxonomy":"category","embeddable":true,"href":"https:\/\/www.freude-am-wohnen.at\/gelly\/wp-json\/wp\/v2\/categories?post=202"},{"taxonomy":"post_tag","embeddable":true,"href":"https:\/\/www.freude-am-wohnen.at\/gelly\/wp-json\/wp\/v2\/tags?post=202"}],"curies":[{"name":"wp","href":"https:\/\/api.w.org\/{rel}","templated":true}]}}