{"id":1803,"date":"2017-06-22T23:04:34","date_gmt":"2017-06-22T21:04:34","guid":{"rendered":"http:\/\/www.freude-am-wohnen.at\/gelly\/?p=1803"},"modified":"2017-06-23T08:08:36","modified_gmt":"2017-06-23T06:08:36","slug":"kuehlende-vitaminbombe-fuer-heisse-sommertage","status":"publish","type":"post","link":"https:\/\/www.freude-am-wohnen.at\/gelly\/kuehlende-vitaminbombe-fuer-heisse-sommertage\/","title":{"rendered":"K\u00fchlende &#8222;Vitaminbombe&#8220; f\u00fcr hei\u00dfe Sommertage"},"content":{"rendered":"<p>Nachdem ich wieder einmal Gem\u00fcse von Biomitter \u00fcbrighatte und daf\u00fcr nur ein passendes Rezept zum Verarbeiten einer Suppe fand, die bei diesen Sommertemperaturen \u00fcberhaupt nicht passend war, wurde ich diese Woche wieder einmal kreativ. <!--more--><\/p>\n<p>Also kochte ich\u00a0sp\u00e4tabends\u00a0die Suppe, lies sie \u00fcber Nacht ausk\u00fchlen, soweit das bei fast 30 Grad Celsius in der Wohnung m\u00f6glich war, und stellte sie am\u00a0n\u00e4chsten Morgen in den K\u00fchlschrank. Tags\u00fcber erfrischte ich mich dann immer wieder mit einem halben Glas gek\u00fchlter Gem\u00fcsesuppe und merkte eine fast\u00a0\u00e4hnliche Wirkung von Erfrischung und\u00a0Aktivierung wie\u00a0bei Kaffee oder Cola, was mich sonst wieder in die H\u00f6he bringt.<\/p>\n<p>Zum leichteren Servieren sch\u00fcttete ich die bunte Fl\u00fcssigkeit dann noch in eine Karaffe, damit das Entnehmen zwischendurch noch einfacher wurde. Und als ich dann noch merkte, dass die Fl\u00fcssigkeitss\u00e4ule immer niedriger wurde, obwohl ich nichts daraus getrunken hatte, war der Test f\u00fcr den Blog bestanden, denn Maskulino ist f\u00fcr mich oft die Testperson daf\u00fcr, ob meine Kreationen auch f\u00fcr &#8222;Jedermann oder -frau&#8220; geeignet sind und somit gepostet werden k\u00f6nnen und diese &#8222;Vitminbombe&#8220; hatte den Test bestanden.<\/p>\n<p>Maskulino w\u00fcrde allerdings nie zugeben, dass so eine &#8222;Vitaminbombe&#8220; eine gute Idee ist oder gut schmeckt, daf\u00fcr ist er noch viel zu Fleisch und Fisch begeistert. Doch wenn dann so manches Obst, Gem\u00fcse oder das Resultat der Mischung oder Zubereitung dann auf einmal weniger wird oder verschwindet, weil er doch zumindest kostet oder es als Zwischenmahlzeit zu sich nimmt, dann ist der Blogtest bestanden. Die einzige &#8222;Schummellei&#8220; oder Beeinflussung die ich immer einbaue ist, das gesunde Essen griffbereit und in Augenh\u00f6he zu platzieren. Denn dann\u00a0gilt\u00a0meist: In den Augen in den Sinn, daher dann auch in den Mund!<\/p>\n<p>Also falls ihr euch, eure Mitmenschen, Kinder, Partner oder G\u00e4ste auch mit einer &#8222;Vitaminbombe&#8220; erfrischen wollt, hier das Rezept dazu:<\/p>\n<p><a href=\"http:\/\/www.biomitter.at\/doku.php?id=rezepte:rote-rueben-karotten-suppe-cremig\">http:\/\/www.biomitter.at\/doku.php?id=rezepte:rote-rueben-karotten-suppe-cremig<\/a><\/p>\n<p>Ich habe bei der <strong>&#8222;Rote R\u00fcben &#8211; Karotten &#8211; Suppe (cremig)&#8220;<\/strong> nur die Menge der Karotten und Roten R\u00fcben getauscht, weil ich einfach andere Mengen zuhause hatte als im Rezept beschrieben und danach noch 1\/4 Liter Milfina oder Cremefine beim P\u00fcrieren hinzugef\u00fcgt, damit es noch cremiger und gleichzeitg trinkbarer wird.<\/p>\n<p>Erkaltet und gek\u00fchlt konnte man diese Mischung dann perfekt aus dem Glas trinken und ev. noch mit Wasser verd\u00fcnnen, wobei der erfrischende Effekt\u00a0mit Eisw\u00fcrfeln , die ich aber an diesem Tag noch nicht zur Verf\u00fcgung hatte, sicher noch besser wirkt.<\/p>\n<p><img loading=\"lazy\" class=\"alignnone size-medium wp-image-1807\" src=\"https:\/\/www.freude-am-wohnen.at\/gelly\/wp-content\/uploads\/2017\/06\/2017-06-20-11.14.13-225x300.jpg\" alt=\"\" width=\"225\" height=\"300\" srcset=\"https:\/\/www.freude-am-wohnen.at\/gelly\/wp-content\/uploads\/2017\/06\/2017-06-20-11.14.13-225x300.jpg 225w, https:\/\/www.freude-am-wohnen.at\/gelly\/wp-content\/uploads\/2017\/06\/2017-06-20-11.14.13-768x1024.jpg 768w\" sizes=\"(max-width: 225px) 100vw, 225px\" \/> <img loading=\"lazy\" class=\"alignnone size-medium wp-image-1808\" src=\"https:\/\/www.freude-am-wohnen.at\/gelly\/wp-content\/uploads\/2017\/06\/2017-06-20-11.14.00-1-225x300.jpg\" alt=\"\" width=\"225\" height=\"300\" srcset=\"https:\/\/www.freude-am-wohnen.at\/gelly\/wp-content\/uploads\/2017\/06\/2017-06-20-11.14.00-1-225x300.jpg 225w, https:\/\/www.freude-am-wohnen.at\/gelly\/wp-content\/uploads\/2017\/06\/2017-06-20-11.14.00-1-768x1024.jpg 768w\" sizes=\"(max-width: 225px) 100vw, 225px\" \/> <img loading=\"lazy\" class=\"alignnone size-medium wp-image-1809\" src=\"https:\/\/www.freude-am-wohnen.at\/gelly\/wp-content\/uploads\/2017\/06\/2017-06-20-11.13.53-225x300.jpg\" alt=\"\" width=\"225\" height=\"300\" srcset=\"https:\/\/www.freude-am-wohnen.at\/gelly\/wp-content\/uploads\/2017\/06\/2017-06-20-11.13.53-225x300.jpg 225w, https:\/\/www.freude-am-wohnen.at\/gelly\/wp-content\/uploads\/2017\/06\/2017-06-20-11.13.53-768x1024.jpg 768w\" sizes=\"(max-width: 225px) 100vw, 225px\" \/><\/p>\n<p>Diese &#8222;Vitaminbombe&#8220; hat uns fit und agil durch die ganze hei\u00dfe Woche getragen und wird sicher bei der n\u00e4chsten Hitzewelle wieder ein Teil unseres t\u00e4glichen Speiseplans sein.<\/p>\n<p>Und als wir uns am n\u00e4chsten Tag &#8222;Gratinierte Schinkenfleckerl&#8220; kochten, war diese Gem\u00fcsesauce oder -drink sogar im gek\u00fchlten Zustand eine ideale Beilage. Also sogar in Kombination mit warmen Gerichten kann dieser &#8222;Gem\u00fcsegatsch&#8220; als Blickfang, k\u00fchlender Gegenpart und als Vitaminschub serviert\u00a0werden.<\/p>\n<p><img loading=\"lazy\" class=\"alignnone size-medium wp-image-1811\" src=\"https:\/\/www.freude-am-wohnen.at\/gelly\/wp-content\/uploads\/2017\/06\/2017-06-20-17.41.41-1-300x225.jpg\" alt=\"\" width=\"300\" height=\"225\" srcset=\"https:\/\/www.freude-am-wohnen.at\/gelly\/wp-content\/uploads\/2017\/06\/2017-06-20-17.41.41-1-300x225.jpg 300w, https:\/\/www.freude-am-wohnen.at\/gelly\/wp-content\/uploads\/2017\/06\/2017-06-20-17.41.41-1-768x576.jpg 768w, https:\/\/www.freude-am-wohnen.at\/gelly\/wp-content\/uploads\/2017\/06\/2017-06-20-17.41.41-1-1024x768.jpg 1024w\" sizes=\"(max-width: 300px) 100vw, 300px\" \/><img loading=\"lazy\" class=\"alignnone size-medium wp-image-1817\" src=\"https:\/\/www.freude-am-wohnen.at\/gelly\/wp-content\/uploads\/2017\/06\/2017-06-20-17.41.59-300x225.jpg\" alt=\"\" width=\"300\" height=\"225\" srcset=\"https:\/\/www.freude-am-wohnen.at\/gelly\/wp-content\/uploads\/2017\/06\/2017-06-20-17.41.59-300x225.jpg 300w, https:\/\/www.freude-am-wohnen.at\/gelly\/wp-content\/uploads\/2017\/06\/2017-06-20-17.41.59-768x576.jpg 768w, https:\/\/www.freude-am-wohnen.at\/gelly\/wp-content\/uploads\/2017\/06\/2017-06-20-17.41.59-1024x768.jpg 1024w\" sizes=\"(max-width: 300px) 100vw, 300px\" \/><\/p>\n<p>Ich w\u00fcnsche euch\u00a0gesunde und einfache Rezeptideen, die euch gut durch die n\u00e4chsten W\u00fcstenklimatage tragen und euch helfen, die\u00a0Hitzetage nicht nur zu beklagen oder ersch\u00f6pft zu verschlafen, sondern die Freude bringen, diese l\u00e4ngsten Tage des Jahres auch aktiv zu nutzen und auszukosten.<\/p>\n<p>Erfrischende Gr\u00fc\u00dfe von<\/p>\n<p>Gelly<\/p>\n<p>Gellysblog<\/p>\n<p>&nbsp;<\/p>\n<div class=\"shariff shariff-align-flex-start shariff-widget-align-flex-start\"><ul class=\"shariff-buttons theme-default orientation-horizontal buttonsize-small\"><li class=\"shariff-button facebook shariff-nocustomcolor\" style=\"background-color:#4273c8\"><a href=\"https:\/\/www.facebook.com\/sharer\/sharer.php?u=https%3A%2F%2Fwww.freude-am-wohnen.at%2Fgelly%2Fkuehlende-vitaminbombe-fuer-heisse-sommertage%2F\" title=\"Bei Facebook teilen\" aria-label=\"Bei Facebook teilen\" role=\"button\" rel=\"nofollow\" class=\"shariff-link\" style=\"; background-color:#3b5998; color:#fff\" target=\"_blank\"><span class=\"shariff-icon\" style=\"\"><svg width=\"32px\" height=\"20px\" xmlns=\"http:\/\/www.w3.org\/2000\/svg\" viewBox=\"0 0 18 32\"><path fill=\"#3b5998\" d=\"M17.1 0.2v4.7h-2.8q-1.5 0-2.1 0.6t-0.5 1.9v3.4h5.2l-0.7 5.3h-4.5v13.6h-5.5v-13.6h-4.5v-5.3h4.5v-3.9q0-3.3 1.9-5.2t5-1.8q2.6 0 4.1 0.2z\"\/><\/svg><\/span><span class=\"shariff-text\">teilen<\/span>&nbsp;<\/a><\/li><\/ul><\/div>","protected":false},"excerpt":{"rendered":"<p>Nachdem ich wieder einmal Gem\u00fcse von Biomitter \u00fcbrighatte und daf\u00fcr nur ein passendes Rezept zum Verarbeiten einer Suppe fand, die bei diesen Sommertemperaturen \u00fcberhaupt nicht passend war, wurde ich diese Woche wieder einmal kreativ.<\/p>\n","protected":false},"author":2,"featured_media":1806,"comment_status":"open","ping_status":"open","sticky":false,"template":"","format":"standard","meta":{"_mi_skip_tracking":false},"categories":[1],"tags":[],"amp_enabled":true,"_links":{"self":[{"href":"https:\/\/www.freude-am-wohnen.at\/gelly\/wp-json\/wp\/v2\/posts\/1803"}],"collection":[{"href":"https:\/\/www.freude-am-wohnen.at\/gelly\/wp-json\/wp\/v2\/posts"}],"about":[{"href":"https:\/\/www.freude-am-wohnen.at\/gelly\/wp-json\/wp\/v2\/types\/post"}],"author":[{"embeddable":true,"href":"https:\/\/www.freude-am-wohnen.at\/gelly\/wp-json\/wp\/v2\/users\/2"}],"replies":[{"embeddable":true,"href":"https:\/\/www.freude-am-wohnen.at\/gelly\/wp-json\/wp\/v2\/comments?post=1803"}],"version-history":[{"count":9,"href":"https:\/\/www.freude-am-wohnen.at\/gelly\/wp-json\/wp\/v2\/posts\/1803\/revisions"}],"predecessor-version":[{"id":1818,"href":"https:\/\/www.freude-am-wohnen.at\/gelly\/wp-json\/wp\/v2\/posts\/1803\/revisions\/1818"}],"wp:featuredmedia":[{"embeddable":true,"href":"https:\/\/www.freude-am-wohnen.at\/gelly\/wp-json\/wp\/v2\/media\/1806"}],"wp:attachment":[{"href":"https:\/\/www.freude-am-wohnen.at\/gelly\/wp-json\/wp\/v2\/media?parent=1803"}],"wp:term":[{"taxonomy":"category","embeddable":true,"href":"https:\/\/www.freude-am-wohnen.at\/gelly\/wp-json\/wp\/v2\/categories?post=1803"},{"taxonomy":"post_tag","embeddable":true,"href":"https:\/\/www.freude-am-wohnen.at\/gelly\/wp-json\/wp\/v2\/tags?post=1803"}],"curies":[{"name":"wp","href":"https:\/\/api.w.org\/{rel}","templated":true}]}}