{"id":1090,"date":"2017-02-19T16:22:40","date_gmt":"2017-02-19T15:22:40","guid":{"rendered":"http:\/\/www.freude-am-wohnen.at\/gelly\/?p=1090"},"modified":"2017-02-22T20:56:21","modified_gmt":"2017-02-22T19:56:21","slug":"faschingsmenue-mit-gruenen-rosen","status":"publish","type":"post","link":"https:\/\/www.freude-am-wohnen.at\/gelly\/faschingsmenue-mit-gruenen-rosen\/","title":{"rendered":"Faschingsmen\u00fc mit &#8222;gr\u00fcnen Rosen&#8220;"},"content":{"rendered":"<p>Nachdem in unserer Biokiste von Biomitter diesmal Brokkoli dabei war, kurbelte das als erstes Mal wieder meine Fantasie an. Also machte ich vor dem eigentlichen Kochen noch einen Brokkoli-Gem\u00fcsestrau\u00df und musste diesen nat\u00fcrlich\u00a0sofort fotografieren &#8211; sonst glaubt\u00b4s mir ja keiner.<\/p>\n<p><!--more--><\/p>\n<p><img loading=\"lazy\" class=\"alignnone size-medium wp-image-1094\" src=\"https:\/\/www.freude-am-wohnen.at\/gelly\/wp-content\/uploads\/2017\/02\/2017-02-18-09.58.24-1-225x300.jpg\" alt=\"\" width=\"225\" height=\"300\" srcset=\"https:\/\/www.freude-am-wohnen.at\/gelly\/wp-content\/uploads\/2017\/02\/2017-02-18-09.58.24-1-225x300.jpg 225w, https:\/\/www.freude-am-wohnen.at\/gelly\/wp-content\/uploads\/2017\/02\/2017-02-18-09.58.24-1-768x1024.jpg 768w\" sizes=\"(max-width: 225px) 100vw, 225px\" \/> <img loading=\"lazy\" class=\"alignnone size-medium wp-image-1095\" src=\"https:\/\/www.freude-am-wohnen.at\/gelly\/wp-content\/uploads\/2017\/02\/2017-02-18-09.59.08-225x300.jpg\" alt=\"\" width=\"225\" height=\"300\" srcset=\"https:\/\/www.freude-am-wohnen.at\/gelly\/wp-content\/uploads\/2017\/02\/2017-02-18-09.59.08-225x300.jpg 225w, https:\/\/www.freude-am-wohnen.at\/gelly\/wp-content\/uploads\/2017\/02\/2017-02-18-09.59.08-768x1024.jpg 768w\" sizes=\"(max-width: 225px) 100vw, 225px\" \/><\/p>\n<p>Der sah wirklich h\u00fcbsch\u00a0aus und w\u00e4re doch mal ein essbarer &#8222;Blumenstrau\u00df&#8220; als Mitbringsel. Man sagt zwar Eigenlob stinkt, doch diese Idee und dieser sch\u00f6ne Anblick hat mich wirklich begeistert. Diese Vorstellung ist\u00a0f\u00fcr den Otto-Normalverbraucher vielleicht etwas gewagt und mit folgenden Nebenwirkungen verbunden: Was hat denn die jetzt wieder f\u00fcr komische Ideen? Ist sie jetzt schon total durchgeknallt? Doch die Faschingszeit selbst ist ja auch ein wenig verr\u00fcckt, in manchen Gegenden begegnet man in diesen Tagen\u00a0auf jeden Fall mehr &#8222;Narren&#8220; als sonst &#8211; und wenn\u00b4s nur die &#8222;Alkoholleichen&#8220;, die\u00a0&#8222;\u00dcberbleibsel&#8220; vom Vortag oder die an &#8222;Hang-over&#8220; erkrankten Personen\u00a0sind.\u00a0Da traut man sich dann vielleicht doch z.B. ein neues\u00a0Experiment wie dieses gerade in der Faschingszeit zu wagen. Die beste Wirkungschance besteht auf jeden Fall bei den\u00a0Gesunden unter uns und denen, die besonders auf Nachhaltigkeit achten. Vielleicht kann man noch eine Masche aus Schnittlauch oder anderen Kr\u00e4utern basteln, das w\u00e4re doch mal ein netter Gem\u00fcsestrau\u00df f\u00fcr die Faschingszeit?<\/p>\n<p>Doch auch die Lebensdauer eines Gem\u00fcsestrau\u00dfes ist nicht von langer Dauer, also suchte ich gleich ein Rezept f\u00fcr die weitere Verwendung\u00a0aus. Nachdem wir ein faules, gem\u00fctliches Wochenende geplant hatten, war mir nach einem\u00a0&#8222;Brunch Samstag&#8220; zuhause und einen Teil davon sollte der Brokkoli beisteuern.<\/p>\n<p>Also entschied ich mich f\u00fcr das <strong>Brokkoli-R\u00e4ucherlachs-Gratin<\/strong> von Chefkoch.de:<\/p>\n<p><a href=\"http:\/\/www.chefkoch.de\/rezepte\/2603421409044153\/Brokkoli-Raeucherlachs-Gratin.html\">http:\/\/www.chefkoch.de\/rezepte\/2603421409044153\/Brokkoli-Raeucherlachs-Gratin.html<\/a><\/p>\n<p>Dieses war superschnell fertig, besonders deswegen weil wir die einfachen Zutaten (Brokkoli, R\u00e4ucherlachs, Sahne &#8211; in \u00d6sterreich hei\u00dft das allerdings Schlagobers, Eier\u00a0 und K\u00e4se) ohne Schnick-Schnack wieder mal zuhause hatten und ich mir den Weg zum Supermarkt ersparten konnte. Interessanterweise schaute das Gratin bereits im rohen, noch nicht gebackenem Zustand zum Anbei\u00dfen aus,<\/p>\n<p><img loading=\"lazy\" class=\"alignnone size-medium wp-image-1098\" src=\"https:\/\/www.freude-am-wohnen.at\/gelly\/wp-content\/uploads\/2017\/02\/2017-02-18-10.38.25-300x225.jpg\" alt=\"\" width=\"300\" height=\"225\" srcset=\"https:\/\/www.freude-am-wohnen.at\/gelly\/wp-content\/uploads\/2017\/02\/2017-02-18-10.38.25-300x225.jpg 300w, https:\/\/www.freude-am-wohnen.at\/gelly\/wp-content\/uploads\/2017\/02\/2017-02-18-10.38.25-768x576.jpg 768w, https:\/\/www.freude-am-wohnen.at\/gelly\/wp-content\/uploads\/2017\/02\/2017-02-18-10.38.25-1024x768.jpg 1024w\" sizes=\"(max-width: 300px) 100vw, 300px\" \/> <img loading=\"lazy\" class=\"alignnone size-medium wp-image-1099\" src=\"https:\/\/www.freude-am-wohnen.at\/gelly\/wp-content\/uploads\/2017\/02\/2017-02-18-10.38.36-300x225.jpg\" alt=\"\" width=\"300\" height=\"225\" srcset=\"https:\/\/www.freude-am-wohnen.at\/gelly\/wp-content\/uploads\/2017\/02\/2017-02-18-10.38.36-300x225.jpg 300w, https:\/\/www.freude-am-wohnen.at\/gelly\/wp-content\/uploads\/2017\/02\/2017-02-18-10.38.36-768x576.jpg 768w, https:\/\/www.freude-am-wohnen.at\/gelly\/wp-content\/uploads\/2017\/02\/2017-02-18-10.38.36-1024x768.jpg 1024w\" sizes=\"(max-width: 300px) 100vw, 300px\" \/><\/p>\n<p>doch dann mussten wir uns doch noch 30 Minuten gedulden, bis unser diesmal warmer Brunch beginnen konnte.<\/p>\n<p>Diese Speise eignet sich aber auch zum Kalt essen und\u00a0f\u00fcr den kleinen Hunger zwischendurch. Wenn solche Speisen bei uns in der K\u00fcche einfach in kleinen Portionen herumstehen, dann greifen wir immer wieder zur Gabel oder zum L\u00f6ffel und kosten, bis dann gar nichts mehr da ist. Diese griffbereite Zwischenmahlzeit hat sich in den letzten Monaten wirklich bew\u00e4hrt. Seit wir\u00a0manche Speisen\u00a0offen in der K\u00fcche stehen lassen und nicht gleich im K\u00fchlschrank oder im Tiefk\u00fchler verstauen, greifen wir zwischendurch immer wieder zu, um uns einen kleinen Energieschub zu holen. An solchen Tagen brauchen wir dann keine Schokolade und\u00a0ich kann sogar ganz einfach, ohne Wehmut, auf die sonst von mir so geliebte traditionelle Kaffeejause am Nachmittag verzichten &#8211; nur auf den Kaffee noch nicht.<\/p>\n<p>Ebenso als kalter und gesunder Energieschub f\u00fcr Zwischendurch eignet sich das Rezept von Biomitter: <strong>Selleriegratin, <\/strong>welches ich euch schon in einem vorigen Beitrag vom 13. J\u00e4nner 2017 beschrieben hatte:<\/p>\n<p><a href=\"http:\/\/www.biomitter.at\/doku.php?id=rezepte:selleriegratin&amp;s[]=selleriegratin\">http:\/\/www.biomitter.at\/doku.php?id=rezepte:selleriegratin&amp;s[]=selleriegratin<\/a><\/p>\n<p>Wenn wir das in der K\u00fcche stehen lassen, ersetzt es so manche Naschattacke mit gesunder Eneregiezufuhr.<\/p>\n<p>Als Vorspeise oder auch zum Brunchen, kann ich\u00a0zwei Suppen besonders empfehlen, die ebenso in kalter Form zum Essen oder sogar Trinken f\u00fcr Zwischendurch extrem gut geeignet,\u00a0einfach zuzubereiten sind und noch dazu k\u00f6stlich schmecken. Wiedermal vom Chefkoch.de die<\/p>\n<p><strong>Apfel-Sellerie-Suppe<\/strong>:<\/p>\n<p><a href=\"http:\/\/www.chefkoch.de\/rezepte\/489481143039166\/Apfel-Sellerie-Suppe.html\">http:\/\/www.chefkoch.de\/rezepte\/489481143039166\/Apfel-Sellerie-Suppe.html<\/a><\/p>\n<p>Die war Frisch gekocht zwar toll, aber zum Trinken, als kleiner Energieschub &#8211; quasi als Smoothie f\u00fcr zwischendurch &#8211; hat sie mich noch mehr begeistert.<\/p>\n<p>Und dann war ich noch ganz stolz, eine\u00a0sehr w\u00e4rmende und kr\u00e4ftigende Suppe, die <strong>Kartoffel-Lauch Suppe<\/strong> gekocht zu haben.<\/p>\n<p><a href=\"http:\/\/www.biomitter.at\/doku.php?id=rezepte:kartoffel-lauch-suppe&amp;s[]=kartoffel&amp;s[]=lauch\">http:\/\/www.biomitter.at\/doku.php?id=rezepte:kartoffel-lauch-suppe&amp;s[]=kartoffel&amp;s[]=lauch<\/a><\/p>\n<p>Zur Freude von Maskulino war da auch endlich wieder Speck dabei, wobei ich mich diesmal f\u00fcr eine sehr magere Variante, bereits vorgew\u00fcrfelt verpackt und gekauft &#8211; entschieden hatte. Doch f\u00fcr ihn reichte es wieder mal\u00a0dazu aus, um nicht nur die Bewertung oder Note: &#8222;das schmeckt interessant&#8220;, zu vergeben, denn in seinen Worten (versucht ein wenig netter auszudr\u00fccken), ist das eigentlich maximal ein gen\u00fcgend.<\/p>\n<p>Manchmal kommt auch die Formulierung: &#8222;satt hat es gemacht&#8220; &#8211; das ist dann eher ein Nicht Gen\u00fcgend. Zum Gl\u00fcck h\u00f6re ich das in letzter Zeit immer seltener, und wenn, meist nur dann, wenn Maskulino &#8211; nachdem ich oft nur Gem\u00fcse gekocht hatte &#8211; schon einen Fleischentzug hat, da kann man kochen was man will, es wird nie eine bessere Benotung geben, au\u00dfer es ist Fleisch. Da sind die Geschm\u00e4cker halt verschieden! F\u00fcr diese speckhaltige Suppe gab es sogar die Benotung: hmm, scheckt sehr gut! Wobei damit waren wahrscheinlich nicht meine Kochk\u00fcnste sondern der Geschmack des Specks gemeint.<\/p>\n<p>M\u00f6glicherweise ist die Kartoffel-Lauch Suppe am ehesten typisch \u00d6sterreichisch oder zumindest traditionell, auf jeden Fall ist sie das in meiner Ursprungsfamilie. Denn wie\u00b4s manchmal so ist: Wir a\u00dfen uns 2 Tage lang an der Suppe satt, die wirklich sehr gut war\u00a0und als wir dann am n\u00e4chsten Tag zu meiner Frau Mutter kamen und zum\u00a0Essen eingeladen waren, was gab\u00b4s? Kartoffel-Lauch Suppe vom Vortag. Also wenn ich das gewusst h\u00e4tte, h\u00e4tte ich doch eine Portion zuhause eingefroren. Obwohl ihre zwar anders, aber auch sehr gut war. Da spielt nur wieder meine Pers\u00f6nlichkeit rein, ich habe halt doch gerne Abwechslung in meinem Leben &#8211; besonders in der K\u00fcche.<\/p>\n<p>Gleichzeitig ist das ein kleines Phenomen in meiner\u00a0Familie: Obwohl meine Schwester,\u00a0meine Frau Mutter und ich doch teilweise einige km-weit auseinanderwohnen\u00a0und uns zumindest nicht t\u00e4glich sehen oder h\u00f6ren, gibt es interessanterweise\u00a0immer wieder parallelen zwischen uns. Oft kochen wir \u00e4hnliche Dinge, obwohl wir nicht dar\u00fcber geredet hatten. Am lustigsten war einmal ein Valentinstag, wo meine Frau Mutter und ich uns gegenseitig dieselben Blumen &#8211; n\u00e4mlich genau dieselben &#8211; und nat\u00fcrlich im selben Gesch\u00e4ft gekauft hatten und uns diese dann gegenseitig geschenkt hatten. Also war\u00b4s dann eigentlich nur ein Austausch, doch der Wille hatte gez\u00e4hlt!<\/p>\n<p>Irgendwie auch wieder sch\u00f6n, dass man trotz Entfernungen von Familie und Freunden, manchmal\u00a0doch mehr \u00c4hnlichkeiten im Verhalten und in Gewohnheiten oder Vorlieben entdeckt, als man gedacht hat. Nicht nur bei den traditionellen Speisen und das ist gut,\u00a0wunderbar und manchmal zum Schmunzeln.<\/p>\n<p>Deswegen ist es auch so schwer, uns von so manchen Gewohnheiten zu verabschieden, denn manche sind sehr tief verwurzelt und man hat ja schon\u00a0jahrelang\u00a0trainiert, t\u00e4glich und alle Jahre wieder alles Gleich zu machen, so wie immer. Nur von einer Gewohnheit kann ich mich immer noch nicht trennen: Die <strong>Faschingskrapfen<\/strong> habe es mir angetan!<\/p>\n<p>Fr\u00fcher hatte meine Frau Mutter diese sogar noch selbst gemacht, n\u00e4mlich im Schmalz schwimmend herausgebacken. Wir durften dann aus Papier Formen schneiden, meist Sterne, diese dann drauflegen und\u00a0Staubzucker (oder f\u00fcr meine\u00a0Leser aus Deutschland: Puderzucker) dr\u00fcberstreuen. Das Endergebnis waren dann unsere selbst gemachten Sternenkrapfen. Leider konnten wir es oft gar nicht mehr warten, bis sie erkaltet sind und verspeisten so manche &#8211; die nicht so gut gelungenen waren &#8211; gleich direkt in der K\u00fcche. Zum Gl\u00fcck waren manche dann doch ein wenig oval oder zu viel bestreut, wie es halt bei &#8222;handmade&#8220; Produkten so ist, sodass wir immer genug Kostproben zur Verf\u00fcgung hatten. Die vielen Kostproben haben sich dann leider oft mit immensem Druck in\u00a0unseren M\u00e4gen festgehalten, ja, ja, die liebe Gier und Ungeduld in uns tut uns oft selbst nichts Gutes!<\/p>\n<p>Diese Tradition hat sich schon ge\u00e4ndert: Sogar meine Frau Mutter kauft die Krapfen bereits bei der B\u00e4ckerei Fischb\u00f6ck und ich fahre gern zum ehemaligen besten Krapfenb\u00e4cker in Wien, der B\u00e4ckerei Groissb\u00f6ck, wo man im 10. Bezirk, dem Krapfenb\u00e4cker in diesen Tagen sogar noch manchmal\u00a0life bei der Arbeit in der Auslage zusehen kann. Ein\u00a0Kunde hatte mir vor ein paar Tagen\u00a0einen Str\u00f6ck Krapfen angeboten, auch nicht schlecht. Die Bewertung und die Beurteilung des besten Krapfens werden\u00a0immer wieder zu einem j\u00e4hrlichen Wettbewerb, manche k\u00f6nnen sogar ewig dar\u00fcber philosophieren! F\u00fcr mich stimmt: Hauptsache Frisch und am besten mit Handarbeit und vor allem mit Liebe gemacht!<\/p>\n<p>Daher freut\u00a0sich meine Waage schon, wenn die Faschingszeit vorbei ist. Doch bei dem Gedanken an Heringsschmaus f\u00fcr die Tage\u00a0danach, rinnt mir jetzt schon das Wasser im Munde zusammen und ich freue mich schon darauf,\u00a0die verschiedenen Rezepte f\u00fcr die &#8222;Fastenzeit&#8220; auszuprobieren.<\/p>\n<p>Ich w\u00fcnsche euch noch ein sch\u00f6ne\u00a0&#8222;n\u00e4rrische&#8220; Faschingszeit<\/p>\n<p>Gelly<\/p>\n<p>Gellysblog<\/p>\n<p>&nbsp;<\/p>\n<p>&nbsp;<\/p>\n<p>&nbsp;<\/p>\n<p>&nbsp;<\/p>\n<div class=\"shariff shariff-align-flex-start shariff-widget-align-flex-start\"><ul class=\"shariff-buttons theme-default orientation-horizontal buttonsize-small\"><li class=\"shariff-button facebook shariff-nocustomcolor\" style=\"background-color:#4273c8\"><a href=\"https:\/\/www.facebook.com\/sharer\/sharer.php?u=https%3A%2F%2Fwww.freude-am-wohnen.at%2Fgelly%2Ffaschingsmenue-mit-gruenen-rosen%2F\" title=\"Bei Facebook teilen\" aria-label=\"Bei Facebook teilen\" role=\"button\" rel=\"nofollow\" class=\"shariff-link\" style=\"; background-color:#3b5998; color:#fff\" target=\"_blank\"><span class=\"shariff-icon\" style=\"\"><svg width=\"32px\" height=\"20px\" xmlns=\"http:\/\/www.w3.org\/2000\/svg\" viewBox=\"0 0 18 32\"><path fill=\"#3b5998\" d=\"M17.1 0.2v4.7h-2.8q-1.5 0-2.1 0.6t-0.5 1.9v3.4h5.2l-0.7 5.3h-4.5v13.6h-5.5v-13.6h-4.5v-5.3h4.5v-3.9q0-3.3 1.9-5.2t5-1.8q2.6 0 4.1 0.2z\"\/><\/svg><\/span><span class=\"shariff-text\">teilen<\/span>&nbsp;<\/a><\/li><\/ul><\/div>","protected":false},"excerpt":{"rendered":"<p>Nachdem in unserer Biokiste von Biomitter diesmal Brokkoli dabei war, kurbelte das als erstes Mal wieder meine Fantasie an. Also machte ich vor dem eigentlichen Kochen noch einen Brokkoli-Gem\u00fcsestrau\u00df und musste diesen nat\u00fcrlich\u00a0sofort fotografieren &#8211; sonst glaubt\u00b4s mir ja keiner.<\/p>\n","protected":false},"author":2,"featured_media":1091,"comment_status":"open","ping_status":"open","sticky":false,"template":"","format":"standard","meta":{"_mi_skip_tracking":false},"categories":[1,4],"tags":[],"amp_enabled":true,"_links":{"self":[{"href":"https:\/\/www.freude-am-wohnen.at\/gelly\/wp-json\/wp\/v2\/posts\/1090"}],"collection":[{"href":"https:\/\/www.freude-am-wohnen.at\/gelly\/wp-json\/wp\/v2\/posts"}],"about":[{"href":"https:\/\/www.freude-am-wohnen.at\/gelly\/wp-json\/wp\/v2\/types\/post"}],"author":[{"embeddable":true,"href":"https:\/\/www.freude-am-wohnen.at\/gelly\/wp-json\/wp\/v2\/users\/2"}],"replies":[{"embeddable":true,"href":"https:\/\/www.freude-am-wohnen.at\/gelly\/wp-json\/wp\/v2\/comments?post=1090"}],"version-history":[{"count":17,"href":"https:\/\/www.freude-am-wohnen.at\/gelly\/wp-json\/wp\/v2\/posts\/1090\/revisions"}],"predecessor-version":[{"id":1126,"href":"https:\/\/www.freude-am-wohnen.at\/gelly\/wp-json\/wp\/v2\/posts\/1090\/revisions\/1126"}],"wp:featuredmedia":[{"embeddable":true,"href":"https:\/\/www.freude-am-wohnen.at\/gelly\/wp-json\/wp\/v2\/media\/1091"}],"wp:attachment":[{"href":"https:\/\/www.freude-am-wohnen.at\/gelly\/wp-json\/wp\/v2\/media?parent=1090"}],"wp:term":[{"taxonomy":"category","embeddable":true,"href":"https:\/\/www.freude-am-wohnen.at\/gelly\/wp-json\/wp\/v2\/categories?post=1090"},{"taxonomy":"post_tag","embeddable":true,"href":"https:\/\/www.freude-am-wohnen.at\/gelly\/wp-json\/wp\/v2\/tags?post=1090"}],"curies":[{"name":"wp","href":"https:\/\/api.w.org\/{rel}","templated":true}]}}